{"id":480,"date":"2024-01-09T02:40:45","date_gmt":"2024-01-09T02:40:45","guid":{"rendered":"https:\/\/neuquentvcanal10.com.ar\/tv\/?p=480"},"modified":"2024-01-09T02:40:47","modified_gmt":"2024-01-09T02:40:47","slug":"autoridades-provinciales-llevaron-informacion-a-quienes-concurren-al-lago-en-el-chocon","status":"publish","type":"post","link":"https:\/\/neuquentvcanal10.com.ar\/tv\/?p=480","title":{"rendered":"Autoridades provinciales llevaron informaci\u00f3n a quienes concurren al lago en El Choc\u00f3n"},"content":{"rendered":"\n<p>Tanto la secretaria de Emergencias y Gesti\u00f3n del Riesgo como el ministro de Salud explicaron que hay informarse sobre la presencia de cianobacterias y seguir las recomendaciones al visitar el lago Ramos Mex\u00eda.<\/p>\n\n\n\n<p>Con las altas temperaturas se observ\u00f3 floraci\u00f3n de algas en algunos lagos de la regi\u00f3n. Para llevar tranquilidad a quienes se acercan a disfrutar del lago Ramos Mex\u00eda, autoridades provinciales se trasladaron el s\u00e1bado hasta Villa El Choc\u00f3n y mantuvieron una reuni\u00f3n con el intendente local Pablo Di Fonzo.<\/p>\n\n\n\n<p>La secretaria de Emergencias y Gesti\u00f3n del Riesgo, Luciana Ortiz Luna, consider\u00f3 que es clave transmitir \u201ctranquilidad sobre las cianobacterias\u201d a la poblaci\u00f3n y traer \u201cun mensaje de prevenci\u00f3n y fundamentalmente de educaci\u00f3n a la comunidad\u201d.<\/p>\n\n\n\n<p>El intendente Di Fonzo expres\u00f3 su agradecimiento a las autoridades provinciales por su presencia, frente a algo que gener\u00f3 preocupaci\u00f3n en la sociedad.<\/p>\n\n\n\n<p>En tanto, el ministro de Salud Mart\u00edn Regueiro reconoci\u00f3 que \u201cla situaci\u00f3n de las cianobacterias nos puso en alerta\u201d para advertir a la poblaci\u00f3n que \u201cen los espejos de agua donde vean una coloraci\u00f3n verdosa o m\u00e1s espesa\u201d no deben ba\u00f1arse. \u201cNo hay nada m\u00e1s para tener miedo, preocuparse o actuar de sobremanera\u201d, enfatiz\u00f3.<\/p>\n\n\n\n<p>El s\u00e1bado el Ente Provincial de Agua y Saneamiento emiti\u00f3 un comunicado aclarando que este tipo de recomendaciones se refiere exclusivamente al uso recreativo o la ingesta involuntaria o accidental de agua directamente de los embalses, es decir sin tratamiento.<\/p>\n\n\n<figure class=\"wp-block-post-featured-image\"><img loading=\"lazy\" decoding=\"async\" width=\"1276\" height=\"630\" src=\"https:\/\/neuquentvcanal10.com.ar\/tv\/wp-content\/uploads\/2024\/01\/5.jpeg\" class=\"attachment-post-thumbnail size-post-thumbnail wp-post-image\" alt=\"\" style=\"object-fit:cover;\" srcset=\"https:\/\/neuquentvcanal10.com.ar\/tv\/wp-content\/uploads\/2024\/01\/5.jpeg 1276w, https:\/\/neuquentvcanal10.com.ar\/tv\/wp-content\/uploads\/2024\/01\/5-300x148.jpeg 300w, https:\/\/neuquentvcanal10.com.ar\/tv\/wp-content\/uploads\/2024\/01\/5-1024x506.jpeg 1024w, https:\/\/neuquentvcanal10.com.ar\/tv\/wp-content\/uploads\/2024\/01\/5-768x379.jpeg 768w, https:\/\/neuquentvcanal10.com.ar\/tv\/wp-content\/uploads\/2024\/01\/5-696x344.jpeg 696w, https:\/\/neuquentvcanal10.com.ar\/tv\/wp-content\/uploads\/2024\/01\/5-1068x527.jpeg 1068w, https:\/\/neuquentvcanal10.com.ar\/tv\/wp-content\/uploads\/2024\/01\/5-851x420.jpeg 851w, https:\/\/neuquentvcanal10.com.ar\/tv\/wp-content\/uploads\/2024\/01\/5-324x160.jpeg 324w\" sizes=\"auto, (max-width: 1276px) 100vw, 1276px\" \/><\/figure>\n\n\n<figure class=\"wp-block-image size-full\"><img loading=\"lazy\" decoding=\"async\" width=\"720\" height=\"480\" src=\"http:\/\/neuquentvcanal10.com.ar\/tv\/wp-content\/uploads\/2023\/12\/trabajo.webp\" alt=\"\" class=\"wp-image-457\" srcset=\"https:\/\/neuquentvcanal10.com.ar\/tv\/wp-content\/uploads\/2023\/12\/trabajo.webp 720w, https:\/\/neuquentvcanal10.com.ar\/tv\/wp-content\/uploads\/2023\/12\/trabajo-300x200.webp 300w, https:\/\/neuquentvcanal10.com.ar\/tv\/wp-content\/uploads\/2023\/12\/trabajo-696x464.webp 696w, https:\/\/neuquentvcanal10.com.ar\/tv\/wp-content\/uploads\/2023\/12\/trabajo-630x420.webp 630w\" sizes=\"auto, (max-width: 720px) 100vw, 720px\" \/><\/figure>\n","protected":false},"excerpt":{"rendered":"<p>Tanto la secretaria de Emergencias y Gesti\u00f3n del Riesgo como el ministro de Salud explicaron que hay informarse sobre la presencia de cianobacterias y seguir las recomendaciones al visitar el lago Ramos Mex\u00eda. Con las altas temperaturas se observ\u00f3 floraci\u00f3n de algas en algunos lagos de la regi\u00f3n. Para llevar tranquilidad a quienes se acercan [&hellip;]<\/p>\n","protected":false},"author":2,"featured_media":481,"comment_status":"open","ping_status":"open","sticky":false,"template":"","format":"standard","meta":{"om_disable_all_campaigns":false,"_monsterinsights_skip_tracking":false,"_monsterinsights_sitenote_active":false,"_monsterinsights_sitenote_note":"","_monsterinsights_sitenote_category":0,"footnotes":""},"categories":[1],"tags":[],"class_list":["post-480","post","type-post","status-publish","format-standard","has-post-thumbnail","hentry","category-sin-categoria"],"aioseo_notices":[],"_links":{"self":[{"href":"https:\/\/neuquentvcanal10.com.ar\/tv\/index.php?rest_route=\/wp\/v2\/posts\/480","targetHints":{"allow":["GET"]}}],"collection":[{"href":"https:\/\/neuquentvcanal10.com.ar\/tv\/index.php?rest_route=\/wp\/v2\/posts"}],"about":[{"href":"https:\/\/neuquentvcanal10.com.ar\/tv\/index.php?rest_route=\/wp\/v2\/types\/post"}],"author":[{"embeddable":true,"href":"https:\/\/neuquentvcanal10.com.ar\/tv\/index.php?rest_route=\/wp\/v2\/users\/2"}],"replies":[{"embeddable":true,"href":"https:\/\/neuquentvcanal10.com.ar\/tv\/index.php?rest_route=%2Fwp%2Fv2%2Fcomments&post=480"}],"version-history":[{"count":1,"href":"https:\/\/neuquentvcanal10.com.ar\/tv\/index.php?rest_route=\/wp\/v2\/posts\/480\/revisions"}],"predecessor-version":[{"id":482,"href":"https:\/\/neuquentvcanal10.com.ar\/tv\/index.php?rest_route=\/wp\/v2\/posts\/480\/revisions\/482"}],"wp:featuredmedia":[{"embeddable":true,"href":"https:\/\/neuquentvcanal10.com.ar\/tv\/index.php?rest_route=\/wp\/v2\/media\/481"}],"wp:attachment":[{"href":"https:\/\/neuquentvcanal10.com.ar\/tv\/index.php?rest_route=%2Fwp%2Fv2%2Fmedia&parent=480"}],"wp:term":[{"taxonomy":"category","embeddable":true,"href":"https:\/\/neuquentvcanal10.com.ar\/tv\/index.php?rest_route=%2Fwp%2Fv2%2Fcategories&post=480"},{"taxonomy":"post_tag","embeddable":true,"href":"https:\/\/neuquentvcanal10.com.ar\/tv\/index.php?rest_route=%2Fwp%2Fv2%2Ftags&post=480"}],"curies":[{"name":"wp","href":"https:\/\/api.w.org\/{rel}","templated":true}]}}