{"id":465,"date":"2023-12-14T17:42:23","date_gmt":"2023-12-14T17:42:23","guid":{"rendered":"https:\/\/neuquentvcanal10.com.ar\/tv\/?p=465"},"modified":"2023-12-14T17:42:25","modified_gmt":"2023-12-14T17:42:25","slug":"en-neuquen-no-logran-frenar-la-ordenanza-que-cobrara-deuda-tasas-municipales-y-provinciales-con-la-nueva-facturacion-de-calf","status":"publish","type":"post","link":"https:\/\/neuquentvcanal10.com.ar\/tv\/?p=465","title":{"rendered":"En Neuqu\u00e9n no logran frenar la ordenanza que cobrar\u00e1 deuda, tasas municipales y provinciales con la nueva facturaci\u00f3n de Calf"},"content":{"rendered":"\n<p>El Fitu present\u00f3 una iniciativa para derogar la pol\u00e9mica ordenanza que cobrar\u00e1 m\u00e1s de 5.000 pesos (cuota de deuda de Cammesa + ecotasa) en la pr\u00f3xima boleta con el consumo de luz.<br>Siguen las medidas de rechazo a la inclusi\u00f3n de tasas municipales, provinciales y la cuota por 8 a\u00f1os de la deuda de Calf en la boleta del suministro el\u00e9ctrico, sin embargo, el descontento no hizo mella ni en la intendencia ni en el Concejo Deliberante, con acciones administrativas que siguen su curso para publicar y poner en vigencia el cobro de la \u00abecotasa\u00bb y la cuota para pagar la deuda de Calf con Cammessa.<br>Pedimos una audiencia con el intendente Mariano Gaido para dar marcha atr\u00e1s con la ordenanza, hay un gran descontento que no pueden desconocer\u00bb, dijo Priscila Otton, concejala del FITu. Junto con su compa\u00f1ero de bancada, Esteban Martin\u00e9, presentaron una ordenanza para derogar la que cobra varios tributos con el pago de suministro el\u00e9ctrico.<\/p>\n\n\n\n<p>Pero no lograron ni la audiencia con el jefe comunal al cabo de la movilizaci\u00f3n, ni que la ordenanza que frena la recaudatoria sea incluida en el tratamiento sobre tablas en la sesi\u00f3n de este jueves, la \u00faltima del a\u00f1o. El abordaje ser\u00e1 en febrero o marzo. Para esa fecha, se prev\u00e9 que estar\u00e1n emitidos los res\u00famenes del gasto de luz, con 3.114 pesos adicionales por el traslado del CAN y 2.074 pesos de la cuota de la deuda de Calf con Cammesa.<br>Aunque hubo una importante movilizaci\u00f3n partidaria de la Izquierda (motorizada por la multisectorial) hab\u00eda varias vecinas autoconvocadas que participaron activamente de la ruidosa permanencia en la vereda de la comuna, en calle Roca y Avenida. \u00abEsto no es partidario, yo pago 10.000 pesos de luz y a\u00fan no lleg\u00f3 el aumento que anunciaron por la quita del subsidio, a cu\u00e1nto se ir\u00e1, una locura\u00bb, expres\u00f3 una de las manifestantes en el lugar.<\/p>\n\n\n<figure class=\"wp-block-post-featured-image\"><img loading=\"lazy\" decoding=\"async\" width=\"720\" height=\"405\" src=\"https:\/\/neuquentvcanal10.com.ar\/tv\/wp-content\/uploads\/2023\/12\/manifestantes.jpeg\" class=\"attachment-post-thumbnail size-post-thumbnail wp-post-image\" alt=\"\" style=\"object-fit:cover;\" srcset=\"https:\/\/neuquentvcanal10.com.ar\/tv\/wp-content\/uploads\/2023\/12\/manifestantes.jpeg 720w, https:\/\/neuquentvcanal10.com.ar\/tv\/wp-content\/uploads\/2023\/12\/manifestantes-300x169.jpeg 300w, https:\/\/neuquentvcanal10.com.ar\/tv\/wp-content\/uploads\/2023\/12\/manifestantes-696x392.jpeg 696w\" sizes=\"auto, (max-width: 720px) 100vw, 720px\" \/><\/figure>\n\n\n<p>Del grupo de autoconvocados que est\u00e1 exigiendo a Calf una asamblea, elecciones y conocer el acuerdo firmado con Cammesa, se supo que tampoco lograron en la Defensor\u00eda del Pueblo, una comunicaci\u00f3n al Ejecutivo, luego de miles de presentaciones que llegaron en rechazo de la ordenanza.<\/p>\n\n\n\n<p>El lunes se presentar\u00e1 un amparo colectivo en contra de Cal y en contra del Municipio, por la ordenanza sancionada el 30 de noviembre.<\/p>\n\n\n\n<p>\u00abEs injusto porque se le hace pagar a los usuarios y usuarias una deuda que no generaron, adem\u00e1s por un complejo ambiental que no existe ni tiene fecha de inicio de la obra, y a su vez estar\u00e1n sujetos a una tasa de inter\u00e9s en manos de MIlei, por Cammesa\u00bb, record\u00f3 Martin\u00e9.<\/p>\n\n\n\n<p>Agreg\u00f3 que la movilizaci\u00f3n se hizo al municipio porque \u00abes una iniciativa impulsada por el propio Ejecutivo Municipal, aline\u00e1ndose con el gobierno nacional y provincial: estos \u00edtems de 5000 pesos en el consumo el\u00e9ctrico, que estar\u00e1 atado a la quita de subsidios\u00bb, plante\u00f3.<\/p>\n\n\n\n<p>El intendente Gaido ya adelant\u00f3 tanto en entrevistas como en el discurso de inicio de su segundo mandato, que no vetar\u00e1 la ordenanza. Los concejales que asumieron el domingo, tampoco tratar\u00e1n el rechazo a la iniciativa del Ejecutivo en los pr\u00f3ximos meses.<\/p>\n\n\n\n<p>Hasta ahora, se anunciaron dos frentes diferentes con presentaciones judiciales (amparos) aunque hasta esta semana ninguno fue interpuesto en sede judicial.<\/p>\n\n\n\n<figure class=\"wp-block-image size-full\"><img loading=\"lazy\" decoding=\"async\" width=\"720\" height=\"480\" src=\"http:\/\/neuquentvcanal10.com.ar\/tv\/wp-content\/uploads\/2023\/12\/trabajo.webp\" alt=\"\" class=\"wp-image-457\" srcset=\"https:\/\/neuquentvcanal10.com.ar\/tv\/wp-content\/uploads\/2023\/12\/trabajo.webp 720w, https:\/\/neuquentvcanal10.com.ar\/tv\/wp-content\/uploads\/2023\/12\/trabajo-300x200.webp 300w, https:\/\/neuquentvcanal10.com.ar\/tv\/wp-content\/uploads\/2023\/12\/trabajo-696x464.webp 696w, https:\/\/neuquentvcanal10.com.ar\/tv\/wp-content\/uploads\/2023\/12\/trabajo-630x420.webp 630w\" sizes=\"auto, (max-width: 720px) 100vw, 720px\" \/><\/figure>\n","protected":false},"excerpt":{"rendered":"<p>El Fitu present\u00f3 una iniciativa para derogar la pol\u00e9mica ordenanza que cobrar\u00e1 m\u00e1s de 5.000 pesos (cuota de deuda de Cammesa + ecotasa) en la pr\u00f3xima boleta con el consumo de luz.Siguen las medidas de rechazo a la inclusi\u00f3n de tasas municipales, provinciales y la cuota por 8 a\u00f1os de la deuda de Calf en [&hellip;]<\/p>\n","protected":false},"author":2,"featured_media":466,"comment_status":"open","ping_status":"open","sticky":false,"template":"","format":"standard","meta":{"om_disable_all_campaigns":false,"_monsterinsights_skip_tracking":false,"_monsterinsights_sitenote_active":false,"_monsterinsights_sitenote_note":"","_monsterinsights_sitenote_category":0,"footnotes":""},"categories":[1],"tags":[],"class_list":["post-465","post","type-post","status-publish","format-standard","has-post-thumbnail","hentry","category-sin-categoria"],"aioseo_notices":[],"_links":{"self":[{"href":"https:\/\/neuquentvcanal10.com.ar\/tv\/index.php?rest_route=\/wp\/v2\/posts\/465","targetHints":{"allow":["GET"]}}],"collection":[{"href":"https:\/\/neuquentvcanal10.com.ar\/tv\/index.php?rest_route=\/wp\/v2\/posts"}],"about":[{"href":"https:\/\/neuquentvcanal10.com.ar\/tv\/index.php?rest_route=\/wp\/v2\/types\/post"}],"author":[{"embeddable":true,"href":"https:\/\/neuquentvcanal10.com.ar\/tv\/index.php?rest_route=\/wp\/v2\/users\/2"}],"replies":[{"embeddable":true,"href":"https:\/\/neuquentvcanal10.com.ar\/tv\/index.php?rest_route=%2Fwp%2Fv2%2Fcomments&post=465"}],"version-history":[{"count":1,"href":"https:\/\/neuquentvcanal10.com.ar\/tv\/index.php?rest_route=\/wp\/v2\/posts\/465\/revisions"}],"predecessor-version":[{"id":467,"href":"https:\/\/neuquentvcanal10.com.ar\/tv\/index.php?rest_route=\/wp\/v2\/posts\/465\/revisions\/467"}],"wp:featuredmedia":[{"embeddable":true,"href":"https:\/\/neuquentvcanal10.com.ar\/tv\/index.php?rest_route=\/wp\/v2\/media\/466"}],"wp:attachment":[{"href":"https:\/\/neuquentvcanal10.com.ar\/tv\/index.php?rest_route=%2Fwp%2Fv2%2Fmedia&parent=465"}],"wp:term":[{"taxonomy":"category","embeddable":true,"href":"https:\/\/neuquentvcanal10.com.ar\/tv\/index.php?rest_route=%2Fwp%2Fv2%2Fcategories&post=465"},{"taxonomy":"post_tag","embeddable":true,"href":"https:\/\/neuquentvcanal10.com.ar\/tv\/index.php?rest_route=%2Fwp%2Fv2%2Ftags&post=465"}],"curies":[{"name":"wp","href":"https:\/\/api.w.org\/{rel}","templated":true}]}}