{"id":459,"date":"2023-12-13T02:30:05","date_gmt":"2023-12-13T02:30:05","guid":{"rendered":"https:\/\/neuquentvcanal10.com.ar\/tv\/?p=459"},"modified":"2023-12-13T02:30:06","modified_gmt":"2023-12-13T02:30:06","slug":"en-el-norte-profundo-figueroa-presento-el-programa-de-becas","status":"publish","type":"post","link":"https:\/\/neuquentvcanal10.com.ar\/tv\/?p=459","title":{"rendered":"En el Norte profundo, Figueroa present\u00f3 el Programa de Becas"},"content":{"rendered":"\n<p>Lo hizo acompa\u00f1ado por ni\u00f1os y ni\u00f1as de Coyuco &#8211; Cochico. El plan, destinado a garantizar la educaci\u00f3n, se extender\u00e1 por toda la provincia.<\/p>\n\n\n\n<p>Rodeado por un grupo de ni\u00f1os y ni\u00f1as de la localidad de Coyuco \u2013 Cochico, ubicada en el norte neuquino, el gobernador Rolando Figueroa present\u00f3, este martes, la llamada Ley de Becas (\u201cRedistribuir oportunidades\u201d) destinada, fundamentalmente, a garantizar la igualdad educativa, ampliar las oportunidades de formaci\u00f3n y mejorar la inserci\u00f3n laboral de los j\u00f3venes neuquinos.<\/p>\n\n\n\n<p>\u201cEstoy en Cochico, acompa\u00f1ado de la juventud neuquina que quiere, por supuesto, muchas m\u00e1s oportunidades\u201d, expres\u00f3 el gobernador en la peque\u00f1a localidad ubicada en el extremo norte, para dejar en claro que el programa llegar\u00e1 a cada regi\u00f3n de la provincia.<\/p>\n\n\n\n<p>Destac\u00f3 que se trata del programa de becas \u201cm\u00e1s importante que se ha llevado adelante en esta provincia\u201d. Y, del mismo modo, subray\u00f3 que est\u00e1 convencido de que la redistribuci\u00f3n de oportunidades va a llegar \u201cde la mano de la educaci\u00f3n\u201d.<\/p>\n\n\n\n<p>\u201cEste programa de becas, que va a ser \u00fanico el en pa\u00eds, nos va a dar la oportunidad de que cada uno de los j\u00f3venes que quieran estudiar pueda tener esa oportunidad y lo podemos lograr entre todos\u201d, subray\u00f3.<\/p>\n\n\n\n<p>El programa, recientemente aprobado por la Legislatura neuquina, se nutrir\u00e1 tanto de recursos del Estado como del aporte de empresas privadas (particularmente grandes compa\u00f1\u00edas que operan en Vaca Muerta) y de financiamiento de organismos de cr\u00e9dito internacional. Se trata de la inversi\u00f3n m\u00e1s fuerte que haya tenido la Educaci\u00f3n en la provincia y de una iniciativa que es innovadora a nivel pa\u00eds.<\/p>\n\n\n\n<p>El gobernador destac\u00f3 que fue \u201cun enorme placer\u201d anunciar el lanzamiento del programa acompa\u00f1ado por ni\u00f1os y ni\u00f1as, y destac\u00f3 que aunque se trata del lugar al que \u201cmuchos\u201d consideran el m\u00e1s distante de la capital provincial, (\u201cm\u00e1s all\u00e1 del Domuyo, al l\u00edmite con Mendoza\u201d) ya ha comenzado a llegar la provincia.<\/p>\n\n\n\n<p>Explic\u00f3 que \u201ctodos los j\u00f3venes de nuestra provincia deben tener la certeza de que con esfuerzo van a poder estudiar\u201d. \u201cLo hemos logrado todos juntos, los neuquinos, y ahora vamos a invitar a todas las empresas que trabajan en nuestra provincia a que nos pueden acompa\u00f1ar\u201d.<\/p>\n\n\n\n<p>El programa que impuls\u00f3 el gobernador contempla a la poblaci\u00f3n de 4 a 35 a\u00f1os de edad y es fundamental para garantizar la distribuci\u00f3n equitativa de los recursos y asegurar la igualdad de oportunidades.<\/p>\n\n\n\n<figure class=\"wp-block-embed is-type-video is-provider-youtube wp-block-embed-youtube wp-embed-aspect-16-9 wp-has-aspect-ratio\"><div class=\"wp-block-embed__wrapper\">\n<iframe loading=\"lazy\" title=\"EL GOBERNADOR FIGUEROA Y LOS INTENDENTES DAN EL PRIMER PASO HACIA LA REGIONALIZACION\" width=\"696\" height=\"392\" src=\"https:\/\/www.youtube.com\/embed\/D-fmc2_77ss?feature=oembed\" frameborder=\"0\" allow=\"accelerometer; autoplay; clipboard-write; encrypted-media; gyroscope; picture-in-picture; web-share\" allowfullscreen><\/iframe>\n<\/div><\/figure>\n\n\n<figure class=\"wp-block-post-featured-image\"><img loading=\"lazy\" decoding=\"async\" width=\"1024\" height=\"768\" src=\"https:\/\/neuquentvcanal10.com.ar\/tv\/wp-content\/uploads\/2023\/12\/portada.jpeg\" class=\"attachment-post-thumbnail size-post-thumbnail wp-post-image\" alt=\"\" style=\"object-fit:cover;\" srcset=\"https:\/\/neuquentvcanal10.com.ar\/tv\/wp-content\/uploads\/2023\/12\/portada.jpeg 1024w, https:\/\/neuquentvcanal10.com.ar\/tv\/wp-content\/uploads\/2023\/12\/portada-300x225.jpeg 300w, https:\/\/neuquentvcanal10.com.ar\/tv\/wp-content\/uploads\/2023\/12\/portada-768x576.jpeg 768w, https:\/\/neuquentvcanal10.com.ar\/tv\/wp-content\/uploads\/2023\/12\/portada-696x522.jpeg 696w, https:\/\/neuquentvcanal10.com.ar\/tv\/wp-content\/uploads\/2023\/12\/portada-560x420.jpeg 560w, https:\/\/neuquentvcanal10.com.ar\/tv\/wp-content\/uploads\/2023\/12\/portada-80x60.jpeg 80w, https:\/\/neuquentvcanal10.com.ar\/tv\/wp-content\/uploads\/2023\/12\/portada-265x198.jpeg 265w\" sizes=\"auto, (max-width: 1024px) 100vw, 1024px\" \/><\/figure>\n\n\n<figure class=\"wp-block-image size-full\"><img loading=\"lazy\" decoding=\"async\" width=\"720\" height=\"480\" src=\"http:\/\/neuquentvcanal10.com.ar\/tv\/wp-content\/uploads\/2023\/12\/trabajo.webp\" alt=\"\" class=\"wp-image-457\" srcset=\"https:\/\/neuquentvcanal10.com.ar\/tv\/wp-content\/uploads\/2023\/12\/trabajo.webp 720w, https:\/\/neuquentvcanal10.com.ar\/tv\/wp-content\/uploads\/2023\/12\/trabajo-300x200.webp 300w, https:\/\/neuquentvcanal10.com.ar\/tv\/wp-content\/uploads\/2023\/12\/trabajo-696x464.webp 696w, https:\/\/neuquentvcanal10.com.ar\/tv\/wp-content\/uploads\/2023\/12\/trabajo-630x420.webp 630w\" sizes=\"auto, (max-width: 720px) 100vw, 720px\" \/><\/figure>\n","protected":false},"excerpt":{"rendered":"<p>Lo hizo acompa\u00f1ado por ni\u00f1os y ni\u00f1as de Coyuco &#8211; Cochico. El plan, destinado a garantizar la educaci\u00f3n, se extender\u00e1 por toda la provincia. Rodeado por un grupo de ni\u00f1os y ni\u00f1as de la localidad de Coyuco \u2013 Cochico, ubicada en el norte neuquino, el gobernador Rolando Figueroa present\u00f3, este martes, la llamada Ley de [&hellip;]<\/p>\n","protected":false},"author":2,"featured_media":460,"comment_status":"open","ping_status":"open","sticky":false,"template":"","format":"standard","meta":{"om_disable_all_campaigns":false,"_monsterinsights_skip_tracking":false,"_monsterinsights_sitenote_active":false,"_monsterinsights_sitenote_note":"","_monsterinsights_sitenote_category":0,"footnotes":""},"categories":[1],"tags":[],"class_list":["post-459","post","type-post","status-publish","format-standard","has-post-thumbnail","hentry","category-sin-categoria"],"aioseo_notices":[],"_links":{"self":[{"href":"https:\/\/neuquentvcanal10.com.ar\/tv\/index.php?rest_route=\/wp\/v2\/posts\/459","targetHints":{"allow":["GET"]}}],"collection":[{"href":"https:\/\/neuquentvcanal10.com.ar\/tv\/index.php?rest_route=\/wp\/v2\/posts"}],"about":[{"href":"https:\/\/neuquentvcanal10.com.ar\/tv\/index.php?rest_route=\/wp\/v2\/types\/post"}],"author":[{"embeddable":true,"href":"https:\/\/neuquentvcanal10.com.ar\/tv\/index.php?rest_route=\/wp\/v2\/users\/2"}],"replies":[{"embeddable":true,"href":"https:\/\/neuquentvcanal10.com.ar\/tv\/index.php?rest_route=%2Fwp%2Fv2%2Fcomments&post=459"}],"version-history":[{"count":1,"href":"https:\/\/neuquentvcanal10.com.ar\/tv\/index.php?rest_route=\/wp\/v2\/posts\/459\/revisions"}],"predecessor-version":[{"id":461,"href":"https:\/\/neuquentvcanal10.com.ar\/tv\/index.php?rest_route=\/wp\/v2\/posts\/459\/revisions\/461"}],"wp:featuredmedia":[{"embeddable":true,"href":"https:\/\/neuquentvcanal10.com.ar\/tv\/index.php?rest_route=\/wp\/v2\/media\/460"}],"wp:attachment":[{"href":"https:\/\/neuquentvcanal10.com.ar\/tv\/index.php?rest_route=%2Fwp%2Fv2%2Fmedia&parent=459"}],"wp:term":[{"taxonomy":"category","embeddable":true,"href":"https:\/\/neuquentvcanal10.com.ar\/tv\/index.php?rest_route=%2Fwp%2Fv2%2Fcategories&post=459"},{"taxonomy":"post_tag","embeddable":true,"href":"https:\/\/neuquentvcanal10.com.ar\/tv\/index.php?rest_route=%2Fwp%2Fv2%2Ftags&post=459"}],"curies":[{"name":"wp","href":"https:\/\/api.w.org\/{rel}","templated":true}]}}