{"id":428,"date":"2021-08-30T22:19:31","date_gmt":"2021-08-30T22:19:31","guid":{"rendered":"http:\/\/neuquentvcanal10.com.ar\/tv\/?p=428"},"modified":"2021-08-30T22:19:33","modified_gmt":"2021-08-30T22:19:33","slug":"abrio-la-inscripcion-para-la-audiencia-de-la-region-patagonia","status":"publish","type":"post","link":"https:\/\/neuquentvcanal10.com.ar\/tv\/?p=428","title":{"rendered":"\u00a1Abri\u00f3 la inscripci\u00f3n para la Audiencia de la regi\u00f3n Patagonia!"},"content":{"rendered":"\n<p><em>Del 16 al 18 de octubre est\u00e1 abierta la inscripci\u00f3n de oradores y oradoras para la Audiencia P\u00fablica de la regi\u00f3n Patagonia. Todas las personas menores de 18 a\u00f1os tienen que presentar tambi\u00e9n una autorizaci\u00f3n.<\/em><\/p>\n\n\n\n<figure class=\"wp-block-image size-full\"><img loading=\"lazy\" decoding=\"async\" width=\"560\" height=\"315\" src=\"http:\/\/neuquentvcanal10.com.ar\/tv\/wp-content\/uploads\/2021\/08\/placa_patagonia.jpg\" alt=\"\" class=\"wp-image-429\" srcset=\"https:\/\/neuquentvcanal10.com.ar\/tv\/wp-content\/uploads\/2021\/08\/placa_patagonia.jpg 560w, https:\/\/neuquentvcanal10.com.ar\/tv\/wp-content\/uploads\/2021\/08\/placa_patagonia-300x169.jpg 300w\" sizes=\"auto, (max-width: 560px) 100vw, 560px\" \/><figcaption><strong>Qui\u00e9nes pueden participar<\/strong><br>Esta Audiencia P\u00fablica involucra a la regi\u00f3n Patagonia: R\u00edo Negro, Neuqu\u00e9n, Santa Cruz y Chubut. Todas las personas, organizaciones, instituciones que formen parte de esta provincia y est\u00e9n interesadas, pueden participar de la Audiencia.<br><strong>Eje tem\u00e1tico<\/strong><br>En 2014 las Audiencias P\u00fablicas estar\u00e1n dedicadas a los derechos comunicacionales de ni\u00f1as, ni\u00f1os y adolescentes. Por eso su participaci\u00f3n es prioritaria.\u00a0<a href=\"http:\/\/www.defensadelpublico.gob.ar\/es\/audiencias-publicas-2014\">M\u00e1s detalles, ac\u00e1<\/a>.<br><strong>Lugar y fecha<\/strong><br>La Audiencia P\u00fablica ser\u00e1 el viernes 31 de octubre desde las 14\u00a0hs. en la Universidad Nacional del Comahue &#8211; Centro Regional Zona Atl\u00e1ntica, ubiado en Monse\u00f1or Esandi y Ayacucho, Viedma, Provincia de R\u00edo Negro.<br><strong>Adem\u00e1s de la Audiencia<\/strong><br>El\u00a0mismo d\u00eda por la ma\u00f1ana la Defensor\u00eda abre un espacio de intercambio entre ni\u00f1os, ni\u00f1as y j\u00f3venes que participan de la Audiencia P\u00fablica. Esta instancia se desarrollar\u00e1 en el Gimnasio del Colegio Paulo VI, ubicado en Ayacucho 1099. Comenzar\u00e1 a las 9 hs. y se extiende hasta las 14 hs., cuando se dar\u00e1 inicio a la Audiencia P\u00fablica.\u00a0<br>Este espacio se suma a los procesos de formaci\u00f3n que la Direcci\u00f3n de Capacitaci\u00f3n y Promoci\u00f3n de la Defensor\u00eda del P\u00fablico coordina en distintos puntos de la regi\u00f3n para promover la participaci\u00f3n activa de chicos y chicas en la Audiencia P\u00fablica.<br><strong>Inscripci\u00f3n<\/strong><br>Para participar en la Audiencia P\u00fablica como expositor o expositora es necesario inscribirse previamente. El plazo de inscripci\u00f3n es del 16 al 28 de octubre a las 12 hs.<br>Los y las participantes menores de 18 a\u00f1os tendr\u00e1n que presentar tambi\u00e9n una autorizaci\u00f3n firmada por sus padres, madres o tutores\/as en la que toman conocimiento de las caracter\u00edsticas de la actividad y permiten la difusi\u00f3n del nombre, la voz y la imagen de las y los participantes. Esta autorizaci\u00f3n se puede presentar antes o el mismo d\u00eda de la Audiencia. Hasta entonces, las o los menores de 18 a\u00f1os que hayan completado el formulario de inscripci\u00f3n estar\u00e1n pre-inscriptos\/as. \u00a0<br>La inscripci\u00f3n puede completarse a trav\u00e9s de la p\u00e1gina web de la Defensor\u00eda del P\u00fablico o personalmente en la sede del organismo (Alsina 1470, Ciudad de Buenos Aires, de 9 a 16 hs.) o en las Delegaciones de AFSCA, Defensor\u00eda del Pueblo de la Naci\u00f3n e INADI ubicadas en la regi\u00f3n Patagonia, de 9 a 12 hs.:<br>AFSCA<br>R\u00edo Negro. Belgrano 710, Viedma<br>R\u00edo Negro. Moreno 237, San Carlos de Bariloche<br>Neuqu\u00e9n. Ant\u00e1rtida Argentina 219, Neuqu\u00e9n<br>Chubut. 25 de Mayo 451, Comodoro Rivadavia<br>Chubut. Rivadavia 619, Trelew<br>Santa Cruz. Av. Pte. Roca 893 1\u00b0 piso oficina 2, R\u00edo Gallegos<br>INADI<br>R\u00edo Negro. Tiscornia 320 PB, San Carlos de Bariloche<br>Neuqu\u00e9n. Carlos H Rodr\u00edguez 563, Neuqu\u00e9n<br>Chubut. Pasaje Ingeniero Osvaldo Fennen 37, Puerto Madryn<br>Santa Cruz. Calle Los Pozos 260, R\u00edo Gallegos<br>Defensor\u00eda del Pueblo de la Naci\u00f3n<br>R\u00edo Negro. Las Heras 558, Viedma<br>Chubut. Mitre 550, Rawson<br>Para m\u00e1s informaci\u00f3n sobre las Audiencias P\u00fablicas,\u00a0<a href=\"http:\/\/www.defensadelpublico.gob.ar\/es\/secciones\/audiencias-publicas\">ingrese aqu\u00ed<\/a>.<br>Y\u00a0<a href=\"http:\/\/www.defensadelpublico.gob.ar\/es\/secciones\/patagonia-2014\">aqu\u00ed<\/a>\u00a0para m\u00e1s informaci\u00f3n sobre la Audiencia de la regi\u00f3n Patagonia.\u00a0<\/figcaption><\/figure>\n\n\n\n<figure class=\"wp-block-image size-full\"><img loading=\"lazy\" decoding=\"async\" width=\"768\" height=\"512\" src=\"http:\/\/neuquentvcanal10.com.ar\/tv\/wp-content\/uploads\/2021\/08\/TKBCSRSMERDNBC5JAWUGDXSAEU.jpg\" alt=\"\" class=\"wp-image-430\" srcset=\"https:\/\/neuquentvcanal10.com.ar\/tv\/wp-content\/uploads\/2021\/08\/TKBCSRSMERDNBC5JAWUGDXSAEU.jpg 768w, https:\/\/neuquentvcanal10.com.ar\/tv\/wp-content\/uploads\/2021\/08\/TKBCSRSMERDNBC5JAWUGDXSAEU-300x200.jpg 300w, https:\/\/neuquentvcanal10.com.ar\/tv\/wp-content\/uploads\/2021\/08\/TKBCSRSMERDNBC5JAWUGDXSAEU-696x464.jpg 696w, https:\/\/neuquentvcanal10.com.ar\/tv\/wp-content\/uploads\/2021\/08\/TKBCSRSMERDNBC5JAWUGDXSAEU-630x420.jpg 630w\" sizes=\"auto, (max-width: 768px) 100vw, 768px\" \/><\/figure>\n","protected":false},"excerpt":{"rendered":"<p>Del 16 al 18 de octubre est\u00e1 abierta la inscripci\u00f3n de oradores y oradoras para la Audiencia P\u00fablica de la regi\u00f3n Patagonia. Todas las personas menores de 18 a\u00f1os tienen que presentar tambi\u00e9n una autorizaci\u00f3n.<\/p>\n","protected":false},"author":1,"featured_media":430,"comment_status":"open","ping_status":"open","sticky":false,"template":"","format":"standard","meta":{"om_disable_all_campaigns":false,"_monsterinsights_skip_tracking":false,"_monsterinsights_sitenote_active":false,"_monsterinsights_sitenote_note":"","_monsterinsights_sitenote_category":0,"footnotes":""},"categories":[25],"tags":[30],"class_list":["post-428","post","type-post","status-publish","format-standard","has-post-thumbnail","hentry","category-pais","tag-uno"],"aioseo_notices":[],"_links":{"self":[{"href":"https:\/\/neuquentvcanal10.com.ar\/tv\/index.php?rest_route=\/wp\/v2\/posts\/428","targetHints":{"allow":["GET"]}}],"collection":[{"href":"https:\/\/neuquentvcanal10.com.ar\/tv\/index.php?rest_route=\/wp\/v2\/posts"}],"about":[{"href":"https:\/\/neuquentvcanal10.com.ar\/tv\/index.php?rest_route=\/wp\/v2\/types\/post"}],"author":[{"embeddable":true,"href":"https:\/\/neuquentvcanal10.com.ar\/tv\/index.php?rest_route=\/wp\/v2\/users\/1"}],"replies":[{"embeddable":true,"href":"https:\/\/neuquentvcanal10.com.ar\/tv\/index.php?rest_route=%2Fwp%2Fv2%2Fcomments&post=428"}],"version-history":[{"count":1,"href":"https:\/\/neuquentvcanal10.com.ar\/tv\/index.php?rest_route=\/wp\/v2\/posts\/428\/revisions"}],"predecessor-version":[{"id":431,"href":"https:\/\/neuquentvcanal10.com.ar\/tv\/index.php?rest_route=\/wp\/v2\/posts\/428\/revisions\/431"}],"wp:featuredmedia":[{"embeddable":true,"href":"https:\/\/neuquentvcanal10.com.ar\/tv\/index.php?rest_route=\/wp\/v2\/media\/430"}],"wp:attachment":[{"href":"https:\/\/neuquentvcanal10.com.ar\/tv\/index.php?rest_route=%2Fwp%2Fv2%2Fmedia&parent=428"}],"wp:term":[{"taxonomy":"category","embeddable":true,"href":"https:\/\/neuquentvcanal10.com.ar\/tv\/index.php?rest_route=%2Fwp%2Fv2%2Fcategories&post=428"},{"taxonomy":"post_tag","embeddable":true,"href":"https:\/\/neuquentvcanal10.com.ar\/tv\/index.php?rest_route=%2Fwp%2Fv2%2Ftags&post=428"}],"curies":[{"name":"wp","href":"https:\/\/api.w.org\/{rel}","templated":true}]}}