{"id":414,"date":"2021-08-24T12:22:03","date_gmt":"2021-08-24T12:22:03","guid":{"rendered":"http:\/\/neuquentvcanal10.com.ar\/tv\/?p=414"},"modified":"2021-08-24T12:22:07","modified_gmt":"2021-08-24T12:22:07","slug":"presencialidad-completa-en-neuquen-como-es-el-cronograma-nivel-por-nivel","status":"publish","type":"post","link":"https:\/\/neuquentvcanal10.com.ar\/tv\/?p=414","title":{"rendered":"Presencialidad completa en Neuqu\u00e9n: c\u00f3mo es el cronograma, nivel por nivel"},"content":{"rendered":"\n<p>El inicial arranca este jueves. El lunes se suman primaria y los \u00faltimos a\u00f1os de secundaria. El resto inicia en septiembre. ATEN no firm\u00f3 la resoluci\u00f3n.<\/p>\n\n\n\n<figure class=\"wp-block-image size-full\"><img loading=\"lazy\" decoding=\"async\" width=\"770\" height=\"435\" src=\"http:\/\/neuquentvcanal10.com.ar\/tv\/wp-content\/uploads\/2021\/08\/am-comienzo-de-clases-2021-33jpg.jpg\" alt=\"\" class=\"wp-image-415\" srcset=\"https:\/\/neuquentvcanal10.com.ar\/tv\/wp-content\/uploads\/2021\/08\/am-comienzo-de-clases-2021-33jpg.jpg 770w, https:\/\/neuquentvcanal10.com.ar\/tv\/wp-content\/uploads\/2021\/08\/am-comienzo-de-clases-2021-33jpg-300x169.jpg 300w, https:\/\/neuquentvcanal10.com.ar\/tv\/wp-content\/uploads\/2021\/08\/am-comienzo-de-clases-2021-33jpg-768x434.jpg 768w, https:\/\/neuquentvcanal10.com.ar\/tv\/wp-content\/uploads\/2021\/08\/am-comienzo-de-clases-2021-33jpg-696x393.jpg 696w, https:\/\/neuquentvcanal10.com.ar\/tv\/wp-content\/uploads\/2021\/08\/am-comienzo-de-clases-2021-33jpg-743x420.jpg 743w\" sizes=\"auto, (max-width: 770px) 100vw, 770px\" \/><figcaption>Neuqu\u00e9n volver\u00e1<strong>\u00a0a la\u00a0<a href=\"https:\/\/www.lmneuquen.com\/presencialidad-a23017\">presencialidad<\/a>\u00a0<a href=\"https:\/\/www.lmneuquen.com\/completa-a29802\">completa<\/a>\u00a0en sus escuelas con un cronograma que comienza este mismo jueves<\/strong>\u00a026 de agosto, con el regreso a las\u00a0<strong><a href=\"https:\/\/www.lmneuquen.com\/aulas-a15479\">aulas<\/a><\/strong>\u00a0de todos los alumnos de nivel inicial y la modalidad especial. El lunes 30, se sumar\u00e1n los chicos de primaria y los estudiantes de cuarto, quinto y sexto a\u00f1o de secundaria y los dem\u00e1s reanudar\u00e1n las clases a diario para 6 de septiembre.El regreso completo a las aulas se defini\u00f3 este lunes a la tarde en el Consejo Provincial de Educaci\u00f3n (CPE), a trav\u00e9s de la resoluci\u00f3n 627\/21, que\u00a0<strong>no cont\u00f3 con la firma de los representantes del gremio ATEN<\/strong>.M\u00e1s temprano, por la ma\u00f1ana, la ministra de Educaci\u00f3n, Cristina Storioni,\u00a0<strong><a href=\"https:\/\/www.lmneuquen.com\/neuquen-evalua-el-regreso-pleno-las-escuelas-n836734\" target=\"_blank\" rel=\"noreferrer noopener\">anticip\u00f3 la vuelta a la presencialidad completa<\/a><\/strong>\u00a0en las escuelas en una conferencia de prensa junto al gobernador Omar Guti\u00e9rrez.<br>Tal como anunci\u00f3 la ministra, se llev\u00f3 la propuesta a la reuni\u00f3n del CPE y se logr\u00f3 una votaci\u00f3n mayoritaria, con los vocales del Ejecutivo y el aval definitorio de la misma Storioni. Las dos representantes de ATEN en el cuerpo colegiado y el vocero por la comunidad, tambi\u00e9n af\u00edn al sindicato,\u00a0<strong>no firmaron la resoluci\u00f3n<\/strong>.<br>El cronograma para recuperar las clases sin alternancias comienza este mismo jueves 26 de agosto en toda la provincia, con el\u00a0<strong>nivel inicial y la modalidad especial<\/strong>. En una segunda etapa, a partir del lunes 30, regresan con presencialidad total los alumnos de\u00a0<strong>primaria y el ciclo superior del secundario\u00a0<\/strong>(cuarto, quinto y sexto a\u00f1o). Por \u00faltimo, desde el lunes 6 de septiembre, reanudan la asistencia continua a las aulas los estudiantes de\u00a0<strong>primero, segundo y tercer a\u00f1o de las escuelas medias\u00a0<\/strong>y los que asisten a nivel superior, la modalidad art\u00edstica y los centros de formaci\u00f3n profesional y de educaci\u00f3n f\u00edsica.Este retorno a las aulas sin burbujas mantiene las medidas de cuidado de la salud, como el\u00a0<strong>uso obligatorio de barbijos y la higiene con soluci\u00f3n alcoh\u00f3lica\u00a0<\/strong>al ingresar a los establecimientos, tanto para los alumnos como para el personal. Adem\u00e1s, continuar\u00e1n las exigencias de ventilaci\u00f3n de aulas y espacios cerrados.<br>&#8220;Respecto del distanciamiento,\u00a0<strong>se considerar\u00e1 a cada curso como burbuja \u00fanica<\/strong>, respetando lo anteriormente descripto&#8221;, se detalla en la norma. Tambi\u00e9n se recuerda que la presencialidad completa queda sujeta a los par\u00e1metros epidemiol\u00f3gicos y la evoluci\u00f3n de los contagios de COVID.<br>En la conferencia de prensa, Storioni recalc\u00f3 que este paso se logr\u00f3 tras analizar varios factores, en particular que\u00a0<strong>m\u00e1s del 98 por ciento<\/strong>\u00a0de los docentes y auxiliares escolares est\u00e1n vacunados contra el COVID, al menos con la primera dosis del esquema.<br>En la resoluci\u00f3n, adem\u00e1s, se resalta que &#8220;se mantiene estable la baja del promedio de casos semanales diagnosticados de COVID19 en la provincia del Neuqu\u00e9n, habiendo descendido\u00a0<strong>los niveles de ocupaci\u00f3n de las terapias intensivas<\/strong>\u00a0en la totalidad de los efectores&#8221;.<\/figcaption><\/figure>\n\n\n\n<figure class=\"wp-block-image size-full\"><img loading=\"lazy\" decoding=\"async\" width=\"770\" height=\"435\" src=\"http:\/\/neuquentvcanal10.com.ar\/tv\/wp-content\/uploads\/2021\/08\/am-comienzo-de-clases-2021-44jpg.jpg\" alt=\"\" class=\"wp-image-416\" srcset=\"https:\/\/neuquentvcanal10.com.ar\/tv\/wp-content\/uploads\/2021\/08\/am-comienzo-de-clases-2021-44jpg.jpg 770w, https:\/\/neuquentvcanal10.com.ar\/tv\/wp-content\/uploads\/2021\/08\/am-comienzo-de-clases-2021-44jpg-300x169.jpg 300w, https:\/\/neuquentvcanal10.com.ar\/tv\/wp-content\/uploads\/2021\/08\/am-comienzo-de-clases-2021-44jpg-768x434.jpg 768w, https:\/\/neuquentvcanal10.com.ar\/tv\/wp-content\/uploads\/2021\/08\/am-comienzo-de-clases-2021-44jpg-696x393.jpg 696w, https:\/\/neuquentvcanal10.com.ar\/tv\/wp-content\/uploads\/2021\/08\/am-comienzo-de-clases-2021-44jpg-743x420.jpg 743w\" sizes=\"auto, (max-width: 770px) 100vw, 770px\" \/><\/figure>\n","protected":false},"excerpt":{"rendered":"<p>El inicial arranca este jueves. El lunes se suman primaria y los \u00faltimos a\u00f1os de secundaria. El resto inicia en septiembre. ATEN no firm\u00f3 la resoluci\u00f3n.<\/p>\n","protected":false},"author":1,"featured_media":415,"comment_status":"open","ping_status":"open","sticky":false,"template":"","format":"standard","meta":{"om_disable_all_campaigns":false,"_monsterinsights_skip_tracking":false,"_monsterinsights_sitenote_active":false,"_monsterinsights_sitenote_note":"","_monsterinsights_sitenote_category":0,"footnotes":""},"categories":[24],"tags":[30],"class_list":["post-414","post","type-post","status-publish","format-standard","has-post-thumbnail","hentry","category-la-ciudad","tag-uno"],"aioseo_notices":[],"_links":{"self":[{"href":"https:\/\/neuquentvcanal10.com.ar\/tv\/index.php?rest_route=\/wp\/v2\/posts\/414","targetHints":{"allow":["GET"]}}],"collection":[{"href":"https:\/\/neuquentvcanal10.com.ar\/tv\/index.php?rest_route=\/wp\/v2\/posts"}],"about":[{"href":"https:\/\/neuquentvcanal10.com.ar\/tv\/index.php?rest_route=\/wp\/v2\/types\/post"}],"author":[{"embeddable":true,"href":"https:\/\/neuquentvcanal10.com.ar\/tv\/index.php?rest_route=\/wp\/v2\/users\/1"}],"replies":[{"embeddable":true,"href":"https:\/\/neuquentvcanal10.com.ar\/tv\/index.php?rest_route=%2Fwp%2Fv2%2Fcomments&post=414"}],"version-history":[{"count":1,"href":"https:\/\/neuquentvcanal10.com.ar\/tv\/index.php?rest_route=\/wp\/v2\/posts\/414\/revisions"}],"predecessor-version":[{"id":417,"href":"https:\/\/neuquentvcanal10.com.ar\/tv\/index.php?rest_route=\/wp\/v2\/posts\/414\/revisions\/417"}],"wp:featuredmedia":[{"embeddable":true,"href":"https:\/\/neuquentvcanal10.com.ar\/tv\/index.php?rest_route=\/wp\/v2\/media\/415"}],"wp:attachment":[{"href":"https:\/\/neuquentvcanal10.com.ar\/tv\/index.php?rest_route=%2Fwp%2Fv2%2Fmedia&parent=414"}],"wp:term":[{"taxonomy":"category","embeddable":true,"href":"https:\/\/neuquentvcanal10.com.ar\/tv\/index.php?rest_route=%2Fwp%2Fv2%2Fcategories&post=414"},{"taxonomy":"post_tag","embeddable":true,"href":"https:\/\/neuquentvcanal10.com.ar\/tv\/index.php?rest_route=%2Fwp%2Fv2%2Ftags&post=414"}],"curies":[{"name":"wp","href":"https:\/\/api.w.org\/{rel}","templated":true}]}}