{"id":407,"date":"2021-08-22T13:41:21","date_gmt":"2021-08-22T13:41:21","guid":{"rendered":"http:\/\/neuquentvcanal10.com.ar\/tv\/?p=407"},"modified":"2021-08-22T13:41:23","modified_gmt":"2021-08-22T13:41:23","slug":"neuquen-capital","status":"publish","type":"post","link":"https:\/\/neuquentvcanal10.com.ar\/tv\/?p=407","title":{"rendered":"NEUQU\u00c9N CAPITAL"},"content":{"rendered":"\n<h1 class=\"wp-block-heading\">Emprendieron viaje los colectivos varados en la ETON<strong>Se trata de los servicios que no pudieron seguir su camino por la suspensi\u00f3n de la circulaci\u00f3n dispuesta por Vialidad Nacional en Neuqu\u00e9n.<\/strong><\/h1>\n\n\n\n<figure class=\"wp-block-image size-full\"><img loading=\"lazy\" decoding=\"async\" width=\"768\" height=\"432\" src=\"http:\/\/neuquentvcanal10.com.ar\/tv\/wp-content\/uploads\/2021\/08\/f768x1-484341_484468_0.jpg\" alt=\"\" class=\"wp-image-409\" srcset=\"https:\/\/neuquentvcanal10.com.ar\/tv\/wp-content\/uploads\/2021\/08\/f768x1-484341_484468_0.jpg 768w, https:\/\/neuquentvcanal10.com.ar\/tv\/wp-content\/uploads\/2021\/08\/f768x1-484341_484468_0-300x169.jpg 300w, https:\/\/neuquentvcanal10.com.ar\/tv\/wp-content\/uploads\/2021\/08\/f768x1-484341_484468_0-696x392.jpg 696w, https:\/\/neuquentvcanal10.com.ar\/tv\/wp-content\/uploads\/2021\/08\/f768x1-484341_484468_0-747x420.jpg 747w\" sizes=\"auto, (max-width: 768px) 100vw, 768px\" \/><\/figure>\n\n\n\n<figure class=\"wp-block-image size-full\"><img loading=\"lazy\" decoding=\"async\" width=\"800\" height=\"450\" src=\"http:\/\/neuquentvcanal10.com.ar\/tv\/wp-content\/uploads\/2021\/08\/f800x450-484339_535785_5050.jpg\" alt=\"\" class=\"wp-image-408\" srcset=\"https:\/\/neuquentvcanal10.com.ar\/tv\/wp-content\/uploads\/2021\/08\/f800x450-484339_535785_5050.jpg 800w, https:\/\/neuquentvcanal10.com.ar\/tv\/wp-content\/uploads\/2021\/08\/f800x450-484339_535785_5050-300x169.jpg 300w, https:\/\/neuquentvcanal10.com.ar\/tv\/wp-content\/uploads\/2021\/08\/f800x450-484339_535785_5050-768x432.jpg 768w, https:\/\/neuquentvcanal10.com.ar\/tv\/wp-content\/uploads\/2021\/08\/f800x450-484339_535785_5050-696x392.jpg 696w, https:\/\/neuquentvcanal10.com.ar\/tv\/wp-content\/uploads\/2021\/08\/f800x450-484339_535785_5050-747x420.jpg 747w\" sizes=\"auto, (max-width: 800px) 100vw, 800px\" \/><figcaption>Finalmente,\u00a0los seis colectivos varados en la Estaci\u00f3n Terminal de \u00d3mnibus de Neuqu\u00e9n (<strong>ETON<\/strong>) emprendieron viaje.\u00a0Se trata de los servicios que no pudieron seguir su camino por la suspensi\u00f3n de la circulaci\u00f3n dispuesta por Vialidad Nacional sobre las rutas N\u00b0 40, 22 y 237. Ayer, dichas v\u00edas estaban \u201cintransitables para todo tipo de veh\u00edculos debido a la acumulaci\u00f3n de nieve y escasa visibilidad\u201d.\u00a0<br>Seg\u00fan confirmaron fuentes de la\u00a0<strong>ETON<\/strong>\u00a0al portal de comunicaci\u00f3n local Noticias NQN, las seis unidades retomaron su camino rumbo a la localidad rionegrina de San Carlos de Bariloche. Pese a esta gran noticia,\u00a0a\u00fan queda un colectivo varado en\u00a0<a href=\"https:\/\/www.terminalneuquen.com.ar\/\">la terminal de \u00f3mnibus<\/a>.En estos momentos, los pasajeros y pasajeras de una unidad con destino a la ciudad cordillerana de San Mart\u00edn de los Andes permanecen a la espera de que mejore el clima y el estado de las rutas provinciales. De este modo, por el momento, continuar\u00e1n en la\u00a0<strong>ETON<\/strong>.La ETON cobij\u00f3 a una gran cantidad de viajeros y viajeras<br>Ante las inclemencias del clima y la inhabilitaci\u00f3n de diferentes rutas, ayer, la\u00a0<strong>ETON<\/strong>\u00a0en la ciudad de Neuqu\u00e9n recibi\u00f3 y contuvo a todos los servicios de colectivos de larga distancia que no pudieron avanzar y llegar a destino.<br>\u00a0<br>As\u00ed, con un gran operativo, la Subsecretar\u00eda de Transporte de la Municipalidad de Neuqu\u00e9n Capital reubic\u00f3 a los viajeros y viajeras. Seg\u00fan se indic\u00f3 ayer, algunas personas se instalaron en casas de familiares y conocidos. Otras permanecieron en la\u00a0<strong>ETON<\/strong>.\u00a0<br>Al respecto, el subsecretario de Transporte, Mauro Espinosa, detall\u00f3 que el Municipio llev\u00f3 adelante un operativo de emergencia en pos de \u201creforzar el \u00e1rea de desinfecci\u00f3n de \u00f3mnibus, la limpieza, todo lo que es calefacci\u00f3n, puertas autom\u00e1ticas, ba\u00f1os\u201d. Asimismo, puntualiz\u00f3 que tambi\u00e9n se intensific\u00f3 la atenci\u00f3n en las postas gastron\u00f3micas y en los kioscos para el abastecimiento de los pasajeros y pasajeras.A\u00fan hay tramos intransitables<br>Esta ma\u00f1ana, Vialidad Provincial advirti\u00f3 que los Pasos Internacionales de Pino Hachado, Icalma, Hua Huma y Mamuil Malal (ex Tromen) permanecer\u00e1n inhabilitados por acumulaci\u00f3n de nieve.\u00a0Tambi\u00e9n, el organismo detall\u00f3 que contin\u00faan los cortes por inclemencias clim\u00e1ticas en la zona de precordillera y cordillera. Por tal raz\u00f3n, indic\u00f3 que varios tramos de las siguientes rutas est\u00e1n intransitables: N\u00b0 242, 13, 26, 37 en varios tramos.<br>Ante este escenario clim\u00e1tico adverso, Seguridad Vial de Neuqu\u00e9n recomienda consultar el estado de las rutas antes de salir de viaje al\u00a0 0810-333-7882, portar cadenas y llevar ropa de abrigo e impermeable, bebidas calientes y comida rica en calor\u00edas.<\/figcaption><\/figure>\n\n\n\n<p><\/p>\n","protected":false},"excerpt":{"rendered":"<p>Emprendieron viaje los colectivos varados en la ETONSe trata de los servicios que no pudieron seguir su camino por la suspensi\u00f3n de la circulaci\u00f3n dispuesta por Vialidad Nacional en Neuqu\u00e9n.<\/p>\n","protected":false},"author":1,"featured_media":409,"comment_status":"open","ping_status":"open","sticky":false,"template":"","format":"standard","meta":{"om_disable_all_campaigns":false,"_monsterinsights_skip_tracking":false,"_monsterinsights_sitenote_active":false,"_monsterinsights_sitenote_note":"","_monsterinsights_sitenote_category":0,"footnotes":""},"categories":[24],"tags":[31],"class_list":["post-407","post","type-post","status-publish","format-standard","has-post-thumbnail","hentry","category-la-ciudad","tag-dos"],"aioseo_notices":[],"_links":{"self":[{"href":"https:\/\/neuquentvcanal10.com.ar\/tv\/index.php?rest_route=\/wp\/v2\/posts\/407","targetHints":{"allow":["GET"]}}],"collection":[{"href":"https:\/\/neuquentvcanal10.com.ar\/tv\/index.php?rest_route=\/wp\/v2\/posts"}],"about":[{"href":"https:\/\/neuquentvcanal10.com.ar\/tv\/index.php?rest_route=\/wp\/v2\/types\/post"}],"author":[{"embeddable":true,"href":"https:\/\/neuquentvcanal10.com.ar\/tv\/index.php?rest_route=\/wp\/v2\/users\/1"}],"replies":[{"embeddable":true,"href":"https:\/\/neuquentvcanal10.com.ar\/tv\/index.php?rest_route=%2Fwp%2Fv2%2Fcomments&post=407"}],"version-history":[{"count":1,"href":"https:\/\/neuquentvcanal10.com.ar\/tv\/index.php?rest_route=\/wp\/v2\/posts\/407\/revisions"}],"predecessor-version":[{"id":410,"href":"https:\/\/neuquentvcanal10.com.ar\/tv\/index.php?rest_route=\/wp\/v2\/posts\/407\/revisions\/410"}],"wp:featuredmedia":[{"embeddable":true,"href":"https:\/\/neuquentvcanal10.com.ar\/tv\/index.php?rest_route=\/wp\/v2\/media\/409"}],"wp:attachment":[{"href":"https:\/\/neuquentvcanal10.com.ar\/tv\/index.php?rest_route=%2Fwp%2Fv2%2Fmedia&parent=407"}],"wp:term":[{"taxonomy":"category","embeddable":true,"href":"https:\/\/neuquentvcanal10.com.ar\/tv\/index.php?rest_route=%2Fwp%2Fv2%2Fcategories&post=407"},{"taxonomy":"post_tag","embeddable":true,"href":"https:\/\/neuquentvcanal10.com.ar\/tv\/index.php?rest_route=%2Fwp%2Fv2%2Ftags&post=407"}],"curies":[{"name":"wp","href":"https:\/\/api.w.org\/{rel}","templated":true}]}}