{"id":403,"date":"2021-08-22T13:30:41","date_gmt":"2021-08-22T13:30:41","guid":{"rendered":"http:\/\/neuquentvcanal10.com.ar\/tv\/?p=403"},"modified":"2021-08-22T13:30:43","modified_gmt":"2021-08-22T13:30:43","slug":"una-pesada-rama-cayo-por-la-nieve-sobre-dos-ninos-uno-murio","status":"publish","type":"post","link":"https:\/\/neuquentvcanal10.com.ar\/tv\/?p=403","title":{"rendered":"Una pesada rama cay\u00f3 por la nieve sobre dos ni\u00f1os: uno muri\u00f3"},"content":{"rendered":"\n<p>Los nenes, de 11 y 12 a\u00f1os, recibieron un fuerte impacto en sus cabezas producto de la ca\u00edda de una rama. Ocurri\u00f3 este s\u00e1bado en San Mart\u00edn de los Andes.<\/p>\n\n\n\n<figure class=\"wp-block-image size-full\"><img loading=\"lazy\" decoding=\"async\" width=\"575\" height=\"324\" src=\"http:\/\/neuquentvcanal10.com.ar\/tv\/wp-content\/uploads\/2021\/08\/auto-rama-ruta-62-san-martin-los-andes.jpg\" alt=\"\" class=\"wp-image-404\" srcset=\"https:\/\/neuquentvcanal10.com.ar\/tv\/wp-content\/uploads\/2021\/08\/auto-rama-ruta-62-san-martin-los-andes.jpg 575w, https:\/\/neuquentvcanal10.com.ar\/tv\/wp-content\/uploads\/2021\/08\/auto-rama-ruta-62-san-martin-los-andes-300x169.jpg 300w\" sizes=\"auto, (max-width: 575px) 100vw, 575px\" \/><figcaption>Dos ni\u00f1os de 11 y 12 a\u00f1os se encontraban jugando en el patio de su casa, ubicada en el barrio Alihu\u00e9n Alto de San Mart\u00edn de los Andes, cuando la\u00a0<strong><a href=\"https:\/\/www.lmneuquen.com\/rama-a21349\">rama<\/a><\/strong>\u00a0de un \u00e1rbol cay\u00f3 encima de ellos, producto del peso de la\u00a0<strong><a href=\"https:\/\/www.lmneuquen.com\/nieve-a3534\">nieve<\/a><\/strong>. Como consecuencia, uno de ellos falleci\u00f3 y el segundo sufri\u00f3 un grave traumatismo de cr\u00e1neo.El tr\u00e1gico episodio ocurri\u00f3 este s\u00e1bado por la ma\u00f1ana, cerca de las 11:30, momento en el que el cuartel de\u00a0<strong><a href=\"https:\/\/www.lmneuquen.com\/bomberos-a6382\">Bomberos<\/a><\/strong>\u00a0recibi\u00f3 el aviso por un \u00e1rbol ca\u00eddo. Al llegar al lugar, sobre calle Paseo del Atardecer, pudieron constatar que se trataba de una rama grande. All\u00ed ya se encontraba personal de Defesa Civil y del Hospital Dr. Ram\u00f3n Carrillo<\/figcaption><\/figure>\n\n\n\n<figure class=\"wp-block-image size-full\"><img loading=\"lazy\" decoding=\"async\" width=\"770\" height=\"435\" src=\"http:\/\/neuquentvcanal10.com.ar\/tv\/wp-content\/uploads\/2021\/08\/tragedia-san-martin-los-andes-nene-muerto-rama-caida.jpg\" alt=\"\" class=\"wp-image-405\" srcset=\"https:\/\/neuquentvcanal10.com.ar\/tv\/wp-content\/uploads\/2021\/08\/tragedia-san-martin-los-andes-nene-muerto-rama-caida.jpg 770w, https:\/\/neuquentvcanal10.com.ar\/tv\/wp-content\/uploads\/2021\/08\/tragedia-san-martin-los-andes-nene-muerto-rama-caida-300x169.jpg 300w, https:\/\/neuquentvcanal10.com.ar\/tv\/wp-content\/uploads\/2021\/08\/tragedia-san-martin-los-andes-nene-muerto-rama-caida-768x434.jpg 768w, https:\/\/neuquentvcanal10.com.ar\/tv\/wp-content\/uploads\/2021\/08\/tragedia-san-martin-los-andes-nene-muerto-rama-caida-696x393.jpg 696w, https:\/\/neuquentvcanal10.com.ar\/tv\/wp-content\/uploads\/2021\/08\/tragedia-san-martin-los-andes-nene-muerto-rama-caida-743x420.jpg 743w\" sizes=\"auto, (max-width: 770px) 100vw, 770px\" \/><figcaption>En el momento en que ocurri\u00f3 el incidente, se registraba una importante nevada y precipitaciones. El peso de la nieve habr\u00eda generado la ca\u00edda de la pesada rama sobre los ni\u00f1os que jugaban en el patio.Seg\u00fan precisaron fuentes policiales y de Bomberos  uno de los menores ingres\u00f3 al hospital en grave estado, presentando una fractura de cr\u00e1neo, lo que deriv\u00f3 en su fallecimiento minutos despu\u00e9s.<br>En tanto, el segundo nene habr\u00eda llegado al nosocomio fuera de peligro, pero en estado de shock. No obstante, debido al cuadro del peque\u00f1o, se estudiaba su traslado a Neuqu\u00e9n capital.El clima reinante en el sur neuquino, con intensas nevadas, condicionaban las posibilidades de trasladarlo por tierra debido al corte de las rutas, por lo que se analizaba las chances del viaje de un avi\u00f3n sanitario hacia esta Capital.<br>Personal de Bomberos Voluntarios, de Protecci\u00f3n Civil, del Comando Radioel\u00e9ctrico de la Polic\u00eda de la Provincia y del Hospital local trabajaron en el lugar.<\/figcaption><\/figure>\n","protected":false},"excerpt":{"rendered":"<p>Los nenes, de 11 y 12 a\u00f1os, recibieron un fuerte impacto en sus cabezas producto de la ca\u00edda de una rama. Ocurri\u00f3 este s\u00e1bado en San Mart\u00edn de los Andes.<\/p>\n","protected":false},"author":1,"featured_media":404,"comment_status":"open","ping_status":"open","sticky":false,"template":"","format":"standard","meta":{"om_disable_all_campaigns":false,"_monsterinsights_skip_tracking":false,"_monsterinsights_sitenote_active":false,"_monsterinsights_sitenote_note":"","_monsterinsights_sitenote_category":0,"footnotes":""},"categories":[29],"tags":[30],"class_list":["post-403","post","type-post","status-publish","format-standard","has-post-thumbnail","hentry","category-policiales","tag-uno"],"aioseo_notices":[],"_links":{"self":[{"href":"https:\/\/neuquentvcanal10.com.ar\/tv\/index.php?rest_route=\/wp\/v2\/posts\/403","targetHints":{"allow":["GET"]}}],"collection":[{"href":"https:\/\/neuquentvcanal10.com.ar\/tv\/index.php?rest_route=\/wp\/v2\/posts"}],"about":[{"href":"https:\/\/neuquentvcanal10.com.ar\/tv\/index.php?rest_route=\/wp\/v2\/types\/post"}],"author":[{"embeddable":true,"href":"https:\/\/neuquentvcanal10.com.ar\/tv\/index.php?rest_route=\/wp\/v2\/users\/1"}],"replies":[{"embeddable":true,"href":"https:\/\/neuquentvcanal10.com.ar\/tv\/index.php?rest_route=%2Fwp%2Fv2%2Fcomments&post=403"}],"version-history":[{"count":1,"href":"https:\/\/neuquentvcanal10.com.ar\/tv\/index.php?rest_route=\/wp\/v2\/posts\/403\/revisions"}],"predecessor-version":[{"id":406,"href":"https:\/\/neuquentvcanal10.com.ar\/tv\/index.php?rest_route=\/wp\/v2\/posts\/403\/revisions\/406"}],"wp:featuredmedia":[{"embeddable":true,"href":"https:\/\/neuquentvcanal10.com.ar\/tv\/index.php?rest_route=\/wp\/v2\/media\/404"}],"wp:attachment":[{"href":"https:\/\/neuquentvcanal10.com.ar\/tv\/index.php?rest_route=%2Fwp%2Fv2%2Fmedia&parent=403"}],"wp:term":[{"taxonomy":"category","embeddable":true,"href":"https:\/\/neuquentvcanal10.com.ar\/tv\/index.php?rest_route=%2Fwp%2Fv2%2Fcategories&post=403"},{"taxonomy":"post_tag","embeddable":true,"href":"https:\/\/neuquentvcanal10.com.ar\/tv\/index.php?rest_route=%2Fwp%2Fv2%2Ftags&post=403"}],"curies":[{"name":"wp","href":"https:\/\/api.w.org\/{rel}","templated":true}]}}