{"id":395,"date":"2021-08-18T11:00:00","date_gmt":"2021-08-18T11:00:00","guid":{"rendered":"http:\/\/neuquentvcanal10.com.ar\/tv\/?p=395"},"modified":"2021-08-18T15:06:37","modified_gmt":"2021-08-18T15:06:37","slug":"organizaciones-cortan-puentes-y-rutas-de-la-provincia-por-segundo-dia","status":"publish","type":"post","link":"https:\/\/neuquentvcanal10.com.ar\/tv\/?p=395","title":{"rendered":"Organizaciones cortan puentes y rutas de la provincia por segundo d\u00eda"},"content":{"rendered":"\n<p>Las medidas de fuerza se extender\u00e1n hasta las 17. El jueves los manifestantes repetir\u00e1n la medida de fuerza.<\/p>\n\n\n\n<figure class=\"wp-block-image size-full\"><img loading=\"lazy\" decoding=\"async\" width=\"770\" height=\"435\" src=\"http:\/\/neuquentvcanal10.com.ar\/tv\/wp-content\/uploads\/2021\/08\/corte-puentes-fol.jpg\" alt=\"\" class=\"wp-image-396\" srcset=\"https:\/\/neuquentvcanal10.com.ar\/tv\/wp-content\/uploads\/2021\/08\/corte-puentes-fol.jpg 770w, https:\/\/neuquentvcanal10.com.ar\/tv\/wp-content\/uploads\/2021\/08\/corte-puentes-fol-300x169.jpg 300w, https:\/\/neuquentvcanal10.com.ar\/tv\/wp-content\/uploads\/2021\/08\/corte-puentes-fol-768x434.jpg 768w, https:\/\/neuquentvcanal10.com.ar\/tv\/wp-content\/uploads\/2021\/08\/corte-puentes-fol-696x393.jpg 696w, https:\/\/neuquentvcanal10.com.ar\/tv\/wp-content\/uploads\/2021\/08\/corte-puentes-fol-743x420.jpg 743w\" sizes=\"auto, (max-width: 770px) 100vw, 770px\" \/><\/figure>\n\n\n\n<p>Este mi\u00e9rcoles desde las 10&nbsp;<strong><a href=\"https:\/\/www.lmneuquen.com\/organizaciones-a15857\">organizaciones<\/a>&nbsp;sociales<\/strong>&nbsp;continuar\u00e1n con la segunda jornada de protesta sobre los<strong>&nbsp;puentes carreteros<\/strong>&nbsp;que unen Cipolletti y Neuqu\u00e9n,&nbsp;<strong>el tercer puente<\/strong>&nbsp;y sobre las&nbsp;<strong>rutas a la altura de Senillosa, Zapala y Chos Malal como forma del&nbsp;<\/strong>plan de lucha iniciado en julio en reclamo al gobierno provincial por puestos de trabajo en la&nbsp;<strong><a href=\"https:\/\/www.lmneuquen.com\/obra-a12790\">obra<\/a><\/strong>&nbsp;p\u00fablica.Los cortes continuar\u00e1n siendo totales tanto en la capital neuquina como en otros sectores de la ruta 22. Se anunciaron&nbsp;<strong>72 horas de piquetes en el tr\u00e1nsito<\/strong>, en caso de no recibir una convocatoria de parte del Gobierno para responder al reclamo de&nbsp;<strong>trabajo<\/strong>&nbsp;<strong>genuino<\/strong>&nbsp;y&nbsp;<strong>activaci\u00f3n de la obra p\u00fablica.Las organizaciones bloquear\u00e1n el tr\u00e1nsito de manera permanente en los tres puentes a Cipolletti, en el cruce &#8220;El Carancho&#8221; de Senillosa y en los accesos de Zapala y Chos Malal, junto con protestas sobre la v\u00eda p\u00fablica en Cutral Co, Jun\u00edn de los Andes y El Cha\u00f1ar.<\/strong><\/p>\n\n\n\n<p>CTEP, Polo Obrero, Frente Popular Dar\u00edo Santill\u00e1n, UTEP y FOL son las agrupaciones que encabezar\u00e1n las protestas, tras esperar una semana la convocatoria de la Provincia.<\/p>\n\n\n\n<p>Desde el Frente de Organizaciones en Lucha (FOL) indicaron que estas medidas se llevan adelante \u201cen virtud de la ausencia de una convocatoria, tal cual se hab\u00eda comprometida la ministra de Desarrollo Social y Trabajo, Adriana Figueroa, y ante la falta de respuestas\u201d.<\/p>\n\n\n\n<p>Se\u00f1alaron que en la semana en que esperaban un encuentro, \u201cel Gobierno recort\u00f3 el pan de los merenderos y comedores, ya que no les pag\u00f3 a las panader\u00edas con las que tiene un convenio de provisi\u00f3n de pan\u201d.<\/p>\n\n\n\n<p>&#8220;Sabemos que estamos afectando a gente trabajadora, pero no hay otra forma de que el gobierno nos escuche, porque hace seis meses que iniciamos una mesa de di\u00e1logo y lo \u00fanico que nos dijeron es que ten\u00edamos una p\u00e1gina web para cargar curr\u00edculums&#8221;, explic\u00f3 Sabino L\u00f3pez, del FPDS.<\/p>\n\n\n\n<p>Dijo que la mayor\u00eda de los integrantes de las organizaciones &#8220;tienen planes sociales de la provincia de 10 mil pesos por mes, que con eso alcanza para vivir una semana nom\u00e1s, y no hay incorporaci\u00f3n en la obra p\u00fablica, no tenemos acceso a una obra social en pandemia ni podemos sostener los comedores en los barrios&#8221;.<\/p>\n","protected":false},"excerpt":{"rendered":"<p>Las medidas de fuerza se extender\u00e1n hasta las 17. El jueves los manifestantes repetir\u00e1n la medida de fuerza. Este mi\u00e9rcoles desde las 10&nbsp;organizaciones&nbsp;sociales&nbsp;continuar\u00e1n con la segunda jornada de protesta sobre los&nbsp;puentes carreteros&nbsp;que unen Cipolletti y Neuqu\u00e9n,&nbsp;el tercer puente&nbsp;y sobre las&nbsp;rutas a la altura de Senillosa, Zapala y Chos Malal como forma del&nbsp;plan de lucha iniciado [&hellip;]<\/p>\n","protected":false},"author":1,"featured_media":396,"comment_status":"open","ping_status":"open","sticky":false,"template":"","format":"standard","meta":{"om_disable_all_campaigns":false,"_monsterinsights_skip_tracking":false,"_monsterinsights_sitenote_active":false,"_monsterinsights_sitenote_note":"","_monsterinsights_sitenote_category":0,"footnotes":""},"categories":[24],"tags":[31],"class_list":["post-395","post","type-post","status-publish","format-standard","has-post-thumbnail","hentry","category-la-ciudad","tag-dos"],"aioseo_notices":[],"_links":{"self":[{"href":"https:\/\/neuquentvcanal10.com.ar\/tv\/index.php?rest_route=\/wp\/v2\/posts\/395","targetHints":{"allow":["GET"]}}],"collection":[{"href":"https:\/\/neuquentvcanal10.com.ar\/tv\/index.php?rest_route=\/wp\/v2\/posts"}],"about":[{"href":"https:\/\/neuquentvcanal10.com.ar\/tv\/index.php?rest_route=\/wp\/v2\/types\/post"}],"author":[{"embeddable":true,"href":"https:\/\/neuquentvcanal10.com.ar\/tv\/index.php?rest_route=\/wp\/v2\/users\/1"}],"replies":[{"embeddable":true,"href":"https:\/\/neuquentvcanal10.com.ar\/tv\/index.php?rest_route=%2Fwp%2Fv2%2Fcomments&post=395"}],"version-history":[{"count":2,"href":"https:\/\/neuquentvcanal10.com.ar\/tv\/index.php?rest_route=\/wp\/v2\/posts\/395\/revisions"}],"predecessor-version":[{"id":399,"href":"https:\/\/neuquentvcanal10.com.ar\/tv\/index.php?rest_route=\/wp\/v2\/posts\/395\/revisions\/399"}],"wp:featuredmedia":[{"embeddable":true,"href":"https:\/\/neuquentvcanal10.com.ar\/tv\/index.php?rest_route=\/wp\/v2\/media\/396"}],"wp:attachment":[{"href":"https:\/\/neuquentvcanal10.com.ar\/tv\/index.php?rest_route=%2Fwp%2Fv2%2Fmedia&parent=395"}],"wp:term":[{"taxonomy":"category","embeddable":true,"href":"https:\/\/neuquentvcanal10.com.ar\/tv\/index.php?rest_route=%2Fwp%2Fv2%2Fcategories&post=395"},{"taxonomy":"post_tag","embeddable":true,"href":"https:\/\/neuquentvcanal10.com.ar\/tv\/index.php?rest_route=%2Fwp%2Fv2%2Ftags&post=395"}],"curies":[{"name":"wp","href":"https:\/\/api.w.org\/{rel}","templated":true}]}}