{"id":378,"date":"2021-08-08T15:48:03","date_gmt":"2021-08-08T15:48:03","guid":{"rendered":"http:\/\/neuquentvcanal10.com.ar\/tv\/?p=378"},"modified":"2021-08-08T15:48:06","modified_gmt":"2021-08-08T15:48:06","slug":"toyota-no-consigue-200-personas-con-secundario-completo-para-trabajar-en-su-planta-de-zarate","status":"publish","type":"post","link":"https:\/\/neuquentvcanal10.com.ar\/tv\/?p=378","title":{"rendered":"Toyota no consigue 200 personas con secundario completo para trabajar en su planta de Z\u00e1rate"},"content":{"rendered":"\n<p>El presidente de la filial argentina de la automotriz dijo que en Buenos Aires &#8220;se perdi\u00f3 el valor de un secundario&#8221;. Buscan aumentar su producci\u00f3n y fabricar 20 mil unidades m\u00e1s al a\u00f1o.<\/p>\n\n\n\n<figure class=\"wp-block-gallery columns-2 is-cropped wp-block-gallery-1 is-layout-flex wp-block-gallery-is-layout-flex\"><ul class=\"blocks-gallery-grid\"><li class=\"blocks-gallery-item\"><figure><img loading=\"lazy\" decoding=\"async\" width=\"1024\" height=\"576\" src=\"http:\/\/neuquentvcanal10.com.ar\/tv\/wp-content\/uploads\/2021\/08\/la-planta-de-toyota-en-zarate-abrio-las-puertas-de-manera-virtual-937402-1-1024x576.jpg\" alt=\"\" data-id=\"380\" data-link=\"http:\/\/neuquentvcanal10.com.ar\/tv\/?attachment_id=380\" class=\"wp-image-380\" srcset=\"https:\/\/neuquentvcanal10.com.ar\/tv\/wp-content\/uploads\/2021\/08\/la-planta-de-toyota-en-zarate-abrio-las-puertas-de-manera-virtual-937402-1-1024x576.jpg 1024w, https:\/\/neuquentvcanal10.com.ar\/tv\/wp-content\/uploads\/2021\/08\/la-planta-de-toyota-en-zarate-abrio-las-puertas-de-manera-virtual-937402-1-300x169.jpg 300w, https:\/\/neuquentvcanal10.com.ar\/tv\/wp-content\/uploads\/2021\/08\/la-planta-de-toyota-en-zarate-abrio-las-puertas-de-manera-virtual-937402-1-768x432.jpg 768w, https:\/\/neuquentvcanal10.com.ar\/tv\/wp-content\/uploads\/2021\/08\/la-planta-de-toyota-en-zarate-abrio-las-puertas-de-manera-virtual-937402-1-1536x864.jpg 1536w, https:\/\/neuquentvcanal10.com.ar\/tv\/wp-content\/uploads\/2021\/08\/la-planta-de-toyota-en-zarate-abrio-las-puertas-de-manera-virtual-937402-1-696x392.jpg 696w, https:\/\/neuquentvcanal10.com.ar\/tv\/wp-content\/uploads\/2021\/08\/la-planta-de-toyota-en-zarate-abrio-las-puertas-de-manera-virtual-937402-1-1068x601.jpg 1068w, https:\/\/neuquentvcanal10.com.ar\/tv\/wp-content\/uploads\/2021\/08\/la-planta-de-toyota-en-zarate-abrio-las-puertas-de-manera-virtual-937402-1-747x420.jpg 747w, https:\/\/neuquentvcanal10.com.ar\/tv\/wp-content\/uploads\/2021\/08\/la-planta-de-toyota-en-zarate-abrio-las-puertas-de-manera-virtual-937402-1.jpg 1920w\" sizes=\"auto, (max-width: 1024px) 100vw, 1024px\" \/><\/figure><\/li><li class=\"blocks-gallery-item\"><figure><img loading=\"lazy\" decoding=\"async\" width=\"900\" height=\"505\" src=\"http:\/\/neuquentvcanal10.com.ar\/tv\/wp-content\/uploads\/2021\/08\/daniel-herrero-hay-que-mejorar-la-competitividad-806747.jpg\" alt=\"\" data-id=\"381\" data-full-url=\"http:\/\/neuquentvcanal10.com.ar\/tv\/wp-content\/uploads\/2021\/08\/daniel-herrero-hay-que-mejorar-la-competitividad-806747.jpg\" data-link=\"http:\/\/neuquentvcanal10.com.ar\/tv\/?attachment_id=381\" class=\"wp-image-381\" srcset=\"https:\/\/neuquentvcanal10.com.ar\/tv\/wp-content\/uploads\/2021\/08\/daniel-herrero-hay-que-mejorar-la-competitividad-806747.jpg 900w, https:\/\/neuquentvcanal10.com.ar\/tv\/wp-content\/uploads\/2021\/08\/daniel-herrero-hay-que-mejorar-la-competitividad-806747-300x168.jpg 300w, https:\/\/neuquentvcanal10.com.ar\/tv\/wp-content\/uploads\/2021\/08\/daniel-herrero-hay-que-mejorar-la-competitividad-806747-768x431.jpg 768w, https:\/\/neuquentvcanal10.com.ar\/tv\/wp-content\/uploads\/2021\/08\/daniel-herrero-hay-que-mejorar-la-competitividad-806747-696x391.jpg 696w, https:\/\/neuquentvcanal10.com.ar\/tv\/wp-content\/uploads\/2021\/08\/daniel-herrero-hay-que-mejorar-la-competitividad-806747-749x420.jpg 749w\" sizes=\"auto, (max-width: 900px) 100vw, 900px\" \/><\/figure><\/li><\/ul><figcaption class=\"blocks-gallery-caption\"><a target=\"_blank\" href=\"https:\/\/www.perfil.com\/noticias\/economia\/daniel-herrero-de-adefa-la-produccion-de-autos-esta-en-niveles-superiores-a-la-pre-pandemia.phtml\" rel=\"noreferrer noopener\"><strong>Daniel Herrero<\/strong><\/a>, presidente de\u00a0<strong><a target=\"_blank\" href=\"https:\/\/www.perfil.com\/noticias\/bloomberg\/bc-toyota-retira-anuncios-de-tv-de-jjoo-ceo-no-ira-a-inaguracion.phtml\" rel=\"noreferrer noopener\">Toyota<\/a><\/strong>\u00a0Argentina, asegur\u00f3 d\u00edas atr\u00e1s que la automotriz busca contratar operarios para ampliar su producci\u00f3n en la planta de\u00a0<strong>Z\u00e1rate<\/strong>, y que es algo \u201cdif\u00edcil\u201d ya que\u00a0<strong>no encuentran 200 personas con el secundario completo en Buenos Aires<\/strong>.<br>&#8220;Durante la pandemia tomamos 500 personas m\u00e1s para reemplazar a los ausentes por cuestiones de salud o edad y queremos tomar otras 200, por algunos proyectos que tenemos a futuro\u201d, dijo el directivo durante un encuentro virtual de &#8220;Charlas del Rotary Club de Buenos Aires&#8221;.<br>Sobre el requisito del secundario completo, excluyente para trabajar en la automotriz, agreg\u00f3:<strong>\u00a0\u201cPero se nos hace dif\u00edcil en nuestra \u00e1rea geogr\u00e1fica encontrar esas 200 personas con secundario completo, porque en Buenos Aires se perdi\u00f3 el valor de un secundario. Y se les hace dif\u00edcil hasta leer un diario\u201d<\/strong>,En ese contexto, Herrero plante\u00f3 que \u201ctenemos que trabajar\u00a0con nuestra responsabilidad social\u00a0en la educaci\u00f3n de la Argentina hacia el futuro&#8221;.\u00a0<br>Toyota, se\u00f1al\u00f3, hoy es el productor y exportador n\u00famero uno del sector, con m\u00e1s de\u00a0<strong>6.500 personas y 140.000 unidades producidas al a\u00f1o.<\/strong>\u00a0La ampliaci\u00f3n y b\u00fasqueda de m\u00e1s personal para la planta de operarios, dijo, se debe a que \u201cest\u00e1n superando el r\u00e9cord de producci\u00f3n para pedir 20.000 unidades&#8221; m\u00e1s de producci\u00f3n.\u00a0En otro tramo de la charla virtual, el directivo de Toyota y presidente de la Asociaci\u00f3n de Fabricantes de Automotores (ADEFA), se refiri\u00f3 a la electromovilidad con carbono neutral y asegur\u00f3 que el camino \u201ces irreversible\u201d.<br>\u201cEl pa\u00eds tiene que tener una pol\u00edtica energ\u00e9tica destinada a ese objetivo com\u00fan que es el\u00a0<a target=\"_blank\" href=\"https:\/\/www.perfil.com\/noticias\/bloomberg\/bc-china-se-compromete-a-ser-carbono-neutral-para-2060.phtml\" rel=\"noreferrer noopener\">carbono neutral<\/a>. La Argentina est\u00e1 hoy desarrollando la\u00a0<a target=\"_blank\" href=\"https:\/\/parabrisas.perfil.com\/noticias\/novedades\/alberto-fernandez-automotor-sesiones-ordinarias-electromovilidad-inversiones.phtml\" rel=\"noreferrer noopener\"><strong>ley de Electromovilidad<\/strong><\/a>, que es la que nos va a dar a todos esa previsibilidad sobre d\u00f3nde tenemos que ir. El camino es irreversible&#8221;, manifest\u00f3.<br>&#8220;Hoy un auto que vendemos en la Argentina tiene un 55% de impuestos, de modo que hay un lugarcito ah\u00ed para subvencionar ese cambio clim\u00e1tico&#8221;, resalt\u00f3.<\/figcaption><\/figure>\n","protected":false},"excerpt":{"rendered":"<p>El presidente de la filial argentina de la automotriz dijo que en Buenos Aires &#8220;se perdi\u00f3 el valor de un secundario&#8221;. Buscan aumentar su producci\u00f3n y fabricar 20 mil unidades m\u00e1s al a\u00f1o.<\/p>\n","protected":false},"author":1,"featured_media":380,"comment_status":"open","ping_status":"open","sticky":false,"template":"","format":"standard","meta":{"om_disable_all_campaigns":false,"_monsterinsights_skip_tracking":false,"_monsterinsights_sitenote_active":false,"_monsterinsights_sitenote_note":"","_monsterinsights_sitenote_category":0,"footnotes":""},"categories":[22],"tags":[31],"class_list":["post-378","post","type-post","status-publish","format-standard","has-post-thumbnail","hentry","category-economia","tag-dos"],"aioseo_notices":[],"_links":{"self":[{"href":"https:\/\/neuquentvcanal10.com.ar\/tv\/index.php?rest_route=\/wp\/v2\/posts\/378","targetHints":{"allow":["GET"]}}],"collection":[{"href":"https:\/\/neuquentvcanal10.com.ar\/tv\/index.php?rest_route=\/wp\/v2\/posts"}],"about":[{"href":"https:\/\/neuquentvcanal10.com.ar\/tv\/index.php?rest_route=\/wp\/v2\/types\/post"}],"author":[{"embeddable":true,"href":"https:\/\/neuquentvcanal10.com.ar\/tv\/index.php?rest_route=\/wp\/v2\/users\/1"}],"replies":[{"embeddable":true,"href":"https:\/\/neuquentvcanal10.com.ar\/tv\/index.php?rest_route=%2Fwp%2Fv2%2Fcomments&post=378"}],"version-history":[{"count":1,"href":"https:\/\/neuquentvcanal10.com.ar\/tv\/index.php?rest_route=\/wp\/v2\/posts\/378\/revisions"}],"predecessor-version":[{"id":382,"href":"https:\/\/neuquentvcanal10.com.ar\/tv\/index.php?rest_route=\/wp\/v2\/posts\/378\/revisions\/382"}],"wp:featuredmedia":[{"embeddable":true,"href":"https:\/\/neuquentvcanal10.com.ar\/tv\/index.php?rest_route=\/wp\/v2\/media\/380"}],"wp:attachment":[{"href":"https:\/\/neuquentvcanal10.com.ar\/tv\/index.php?rest_route=%2Fwp%2Fv2%2Fmedia&parent=378"}],"wp:term":[{"taxonomy":"category","embeddable":true,"href":"https:\/\/neuquentvcanal10.com.ar\/tv\/index.php?rest_route=%2Fwp%2Fv2%2Fcategories&post=378"},{"taxonomy":"post_tag","embeddable":true,"href":"https:\/\/neuquentvcanal10.com.ar\/tv\/index.php?rest_route=%2Fwp%2Fv2%2Ftags&post=378"}],"curies":[{"name":"wp","href":"https:\/\/api.w.org\/{rel}","templated":true}]}}