{"id":374,"date":"2021-08-08T14:41:43","date_gmt":"2021-08-08T14:41:43","guid":{"rendered":"http:\/\/neuquentvcanal10.com.ar\/tv\/?p=374"},"modified":"2021-08-08T14:41:46","modified_gmt":"2021-08-08T14:41:46","slug":"rigen-nuevas-medidas-de-cuidado-en-la-provincia","status":"publish","type":"post","link":"https:\/\/neuquentvcanal10.com.ar\/tv\/?p=374","title":{"rendered":"Rigen nuevas medidas de cuidado en la provincia"},"content":{"rendered":"\n<p><strong>A continuaci\u00f3n, los detalles de los cambios que implementa Neuqu\u00e9n desde este domingo y hasta el pr\u00f3ximo 22 de agosto.<\/strong><\/p>\n\n\n\n<figure class=\"wp-block-gallery columns-2 is-cropped wp-block-gallery-1 is-layout-flex wp-block-gallery-is-layout-flex\"><ul class=\"blocks-gallery-grid\"><li class=\"blocks-gallery-item\"><figure><img loading=\"lazy\" decoding=\"async\" width=\"920\" height=\"517\" src=\"http:\/\/neuquentvcanal10.com.ar\/tv\/wp-content\/uploads\/2021\/08\/WhatsApp-Image-2020-06-08-at-17.12.26.jpeg\" alt=\"\" data-id=\"375\" data-link=\"http:\/\/neuquentvcanal10.com.ar\/tv\/?attachment_id=375\" class=\"wp-image-375\" srcset=\"https:\/\/neuquentvcanal10.com.ar\/tv\/wp-content\/uploads\/2021\/08\/WhatsApp-Image-2020-06-08-at-17.12.26.jpeg 920w, https:\/\/neuquentvcanal10.com.ar\/tv\/wp-content\/uploads\/2021\/08\/WhatsApp-Image-2020-06-08-at-17.12.26-300x169.jpeg 300w, https:\/\/neuquentvcanal10.com.ar\/tv\/wp-content\/uploads\/2021\/08\/WhatsApp-Image-2020-06-08-at-17.12.26-768x432.jpeg 768w, https:\/\/neuquentvcanal10.com.ar\/tv\/wp-content\/uploads\/2021\/08\/WhatsApp-Image-2020-06-08-at-17.12.26-696x391.jpeg 696w, https:\/\/neuquentvcanal10.com.ar\/tv\/wp-content\/uploads\/2021\/08\/WhatsApp-Image-2020-06-08-at-17.12.26-747x420.jpeg 747w\" sizes=\"auto, (max-width: 920px) 100vw, 920px\" \/><\/figure><\/li><li class=\"blocks-gallery-item\"><figure><img loading=\"lazy\" decoding=\"async\" width=\"770\" height=\"435\" src=\"http:\/\/neuquentvcanal10.com.ar\/tv\/wp-content\/uploads\/2021\/08\/gente-centro-neuquen-barbijos-1.jpg\" alt=\"\" data-id=\"376\" data-full-url=\"http:\/\/neuquentvcanal10.com.ar\/tv\/wp-content\/uploads\/2021\/08\/gente-centro-neuquen-barbijos-1.jpg\" data-link=\"http:\/\/neuquentvcanal10.com.ar\/tv\/?attachment_id=376\" class=\"wp-image-376\" srcset=\"https:\/\/neuquentvcanal10.com.ar\/tv\/wp-content\/uploads\/2021\/08\/gente-centro-neuquen-barbijos-1.jpg 770w, https:\/\/neuquentvcanal10.com.ar\/tv\/wp-content\/uploads\/2021\/08\/gente-centro-neuquen-barbijos-1-300x169.jpg 300w, https:\/\/neuquentvcanal10.com.ar\/tv\/wp-content\/uploads\/2021\/08\/gente-centro-neuquen-barbijos-1-768x434.jpg 768w, https:\/\/neuquentvcanal10.com.ar\/tv\/wp-content\/uploads\/2021\/08\/gente-centro-neuquen-barbijos-1-696x393.jpg 696w, https:\/\/neuquentvcanal10.com.ar\/tv\/wp-content\/uploads\/2021\/08\/gente-centro-neuquen-barbijos-1-743x420.jpg 743w\" sizes=\"auto, (max-width: 770px) 100vw, 770px\" \/><\/figure><\/li><\/ul><figcaption class=\"blocks-gallery-caption\">En las \u00faltimas 24 horas, el Ministerio de Salud de la provincia de Neuqu\u00e9n detall\u00f3 que la jurisdicci\u00f3n sum\u00f3 186 nuevos contagios de coronavirus y lament\u00f3 4 fallecimientos a causa de la enfermedad viral. Asimismo, el \u00faltimo parte sanitario indic\u00f3 que, actualmente, hay 2.463 casos activos.\u00a0Con base en esta situaci\u00f3n epidemiol\u00f3gica y sanitaria actual, el Gobierno neuquino dispuso una serie de\u00a0<strong>medidas de cuidado<\/strong>.<br>En concreto, el Ejecutivo provincial inform\u00f3 que Neuqu\u00e9n flexibiliza ciertas\u00a0<a href=\"https:\/\/www.saludneuquen.gob.ar\/\">medidas restrictivas<\/a>\u00a0y mantiene vigentes otras.\u00a0Seg\u00fan se detall\u00f3, estos cambios rigen desde este domingo, 8 de agosto, y hasta el pr\u00f3ximo 22 del mismo mes.Concretamente, entre las nuevas\u00a0<strong>medidas de cuidado<\/strong>\u00a0se detalla que la provincia ampl\u00eda el horario de circulaci\u00f3n en la v\u00eda p\u00fablica. A partir de hoy, se podr\u00e1 transitar diariamente desde las 06:00 de la ma\u00f1ana hasta la 01:00 de la madrugada del d\u00eda siguiente.En tanto, en el comunicado de prensa, el Gobierno provincial aclara que durante ese amplio horario se podr\u00e1n realizar todas las actividades autorizadas en el territorio local. Es decir, labores del rubro econ\u00f3mico, industrial, comercial, de servicios, religiosas, culturales, deportivas, recreativas y sociales.Pese a los cambios que incorpor\u00f3 la jurisdicci\u00f3n en las\u00a0<strong>medidas de cuidado<\/strong>, las autoridades recordaron que toda actividad, sea del rubro que sea, se debe efectuar con un aforo m\u00e1ximo del 70%, con adecuada y constante ventilaci\u00f3n y bajo protocolos aprobados.<\/figcaption><\/figure>\n","protected":false},"excerpt":{"rendered":"<p>A continuaci\u00f3n, los detalles de los cambios que implementa Neuqu\u00e9n desde este domingo y hasta el pr\u00f3ximo 22 de agosto.<\/p>\n","protected":false},"author":1,"featured_media":376,"comment_status":"open","ping_status":"open","sticky":false,"template":"","format":"standard","meta":{"om_disable_all_campaigns":false,"_monsterinsights_skip_tracking":false,"_monsterinsights_sitenote_active":false,"_monsterinsights_sitenote_note":"","_monsterinsights_sitenote_category":0,"footnotes":""},"categories":[24],"tags":[31],"class_list":["post-374","post","type-post","status-publish","format-standard","has-post-thumbnail","hentry","category-la-ciudad","tag-dos"],"aioseo_notices":[],"_links":{"self":[{"href":"https:\/\/neuquentvcanal10.com.ar\/tv\/index.php?rest_route=\/wp\/v2\/posts\/374","targetHints":{"allow":["GET"]}}],"collection":[{"href":"https:\/\/neuquentvcanal10.com.ar\/tv\/index.php?rest_route=\/wp\/v2\/posts"}],"about":[{"href":"https:\/\/neuquentvcanal10.com.ar\/tv\/index.php?rest_route=\/wp\/v2\/types\/post"}],"author":[{"embeddable":true,"href":"https:\/\/neuquentvcanal10.com.ar\/tv\/index.php?rest_route=\/wp\/v2\/users\/1"}],"replies":[{"embeddable":true,"href":"https:\/\/neuquentvcanal10.com.ar\/tv\/index.php?rest_route=%2Fwp%2Fv2%2Fcomments&post=374"}],"version-history":[{"count":1,"href":"https:\/\/neuquentvcanal10.com.ar\/tv\/index.php?rest_route=\/wp\/v2\/posts\/374\/revisions"}],"predecessor-version":[{"id":377,"href":"https:\/\/neuquentvcanal10.com.ar\/tv\/index.php?rest_route=\/wp\/v2\/posts\/374\/revisions\/377"}],"wp:featuredmedia":[{"embeddable":true,"href":"https:\/\/neuquentvcanal10.com.ar\/tv\/index.php?rest_route=\/wp\/v2\/media\/376"}],"wp:attachment":[{"href":"https:\/\/neuquentvcanal10.com.ar\/tv\/index.php?rest_route=%2Fwp%2Fv2%2Fmedia&parent=374"}],"wp:term":[{"taxonomy":"category","embeddable":true,"href":"https:\/\/neuquentvcanal10.com.ar\/tv\/index.php?rest_route=%2Fwp%2Fv2%2Fcategories&post=374"},{"taxonomy":"post_tag","embeddable":true,"href":"https:\/\/neuquentvcanal10.com.ar\/tv\/index.php?rest_route=%2Fwp%2Fv2%2Ftags&post=374"}],"curies":[{"name":"wp","href":"https:\/\/api.w.org\/{rel}","templated":true}]}}