{"id":371,"date":"2021-08-08T11:10:00","date_gmt":"2021-08-08T11:10:00","guid":{"rendered":"http:\/\/neuquentvcanal10.com.ar\/tv\/?p=371"},"modified":"2021-08-08T14:30:26","modified_gmt":"2021-08-08T14:30:26","slug":"denuncian-a-barrios-de-pie-por-recetar-y-vender-lentes-ilegales","status":"publish","type":"post","link":"https:\/\/neuquentvcanal10.com.ar\/tv\/?p=371","title":{"rendered":"Denuncian a Barrios de Pie por recetar y vender lentes ilegales"},"content":{"rendered":"\n<figure class=\"wp-block-image size-full\"><img loading=\"lazy\" decoding=\"async\" width=\"471\" height=\"471\" src=\"http:\/\/neuquentvcanal10.com.ar\/tv\/wp-content\/uploads\/2021\/08\/jorandas-oftalmologicas-ilegal.jpeg\" alt=\"\" class=\"wp-image-372\" srcset=\"https:\/\/neuquentvcanal10.com.ar\/tv\/wp-content\/uploads\/2021\/08\/jorandas-oftalmologicas-ilegal.jpeg 471w, https:\/\/neuquentvcanal10.com.ar\/tv\/wp-content\/uploads\/2021\/08\/jorandas-oftalmologicas-ilegal-300x300.jpeg 300w, https:\/\/neuquentvcanal10.com.ar\/tv\/wp-content\/uploads\/2021\/08\/jorandas-oftalmologicas-ilegal-150x150.jpeg 150w, https:\/\/neuquentvcanal10.com.ar\/tv\/wp-content\/uploads\/2021\/08\/jorandas-oftalmologicas-ilegal-420x420.jpeg 420w\" sizes=\"auto, (max-width: 471px) 100vw, 471px\" \/><figcaption>La agrupaci\u00f3n organiz\u00f3 jornadas oftalmol\u00f3gicas en Plottier. Sanidad inspeccion\u00f3 y clausur\u00f3 el lugar. La Asociaci\u00f3n de Oftalmolog\u00eda del Neuqu\u00e9n present\u00f3 una denuncia.La Asociaci\u00f3n de Oftalmolog\u00eda del Neuqu\u00e9n, a trav\u00e9s de su estudio de abogados, denunci\u00f3 en las \u00faltimas horas a\u00a0<strong><a href=\"https:\/\/www.lmneuquen.com\/barrios-pie-a3384\">Barrios de Pie<\/a><\/strong>\u00a0por una jornada oftalmol\u00f3gica ilegal que la agrupaci\u00f3n realiz\u00f3 en Plottier.Todo comenz\u00f3 el jueves por la noche cuando los denunciantes dieron cuenta de algunas publicaciones en las redes sociales anunciando el evento. All\u00ed convocaban a las\u00a0<strong><a href=\"https:\/\/www.lmneuquen.com\/personas-a12241\">personas<\/a><\/strong>\u00a0a que se acerquen al Sal\u00f3n Comunitario El Chacay, ubicado en Zabaleta y Mosconi, durante el jueves 5 y el viernes 6, a recibir atenci\u00f3n oftalmol\u00f3gica gratuita y a adquirir\u00a0<strong><a href=\"https:\/\/www.lmneuquen.com\/lentes-a11658\">lentes<\/a><\/strong>\u00a0para la vista a un precio menor que en las \u00f3pticas. Informaban tambi\u00e9n que se aceptaba el pago con tarjeta de cr\u00e9dito o d\u00e9bito y Mercado Pago. Adem\u00e1s, la publicidad de las jornadas fue difundida por alguno medios de comunicaci\u00f3n de la zona.&#8221;Es una actividad il\u00edcita. Ning\u00fan oftalm\u00f3logo puede vender lentes, solo recetarlos. Adem\u00e1s, el lugar no est\u00e1 habilitado ni para consultas m\u00e9dicas ni para venta de lentes&#8221;, coment\u00f3 Ezequiel Echeverr\u00eda, abogado perteneciente al Estudio Kees Dabus Ru\u00edz, el cual denunci\u00f3 el hecho<\/figcaption><\/figure>\n","protected":false},"excerpt":{"rendered":"La agrupaci\u00f3n organiz\u00f3 jornadas oftalmol\u00f3gicas en Plottier. Sanidad inspeccion\u00f3 y clausur\u00f3 el lugar. La Asociaci\u00f3n de Oftalmolog\u00eda del Neuqu\u00e9n present\u00f3 una denuncia.La Asociaci\u00f3n de Oftalmolog\u00eda del Neuqu\u00e9n, a trav\u00e9s de su estudio de abogados, denunci\u00f3 en las \u00faltimas horas a\u00a0Barrios de Pie\u00a0por una jornada oftalmol\u00f3gica ilegal que la agrupaci\u00f3n realiz\u00f3 en Plottier.Todo comenz\u00f3 el jueves [...]","protected":false},"author":1,"featured_media":372,"comment_status":"open","ping_status":"open","sticky":false,"template":"","format":"standard","meta":{"om_disable_all_campaigns":false,"_monsterinsights_skip_tracking":false,"_monsterinsights_sitenote_active":false,"_monsterinsights_sitenote_note":"","_monsterinsights_sitenote_category":0,"footnotes":""},"categories":[24],"tags":[31],"class_list":["post-371","post","type-post","status-publish","format-standard","has-post-thumbnail","hentry","category-la-ciudad","tag-dos"],"aioseo_notices":[],"_links":{"self":[{"href":"https:\/\/neuquentvcanal10.com.ar\/tv\/index.php?rest_route=\/wp\/v2\/posts\/371","targetHints":{"allow":["GET"]}}],"collection":[{"href":"https:\/\/neuquentvcanal10.com.ar\/tv\/index.php?rest_route=\/wp\/v2\/posts"}],"about":[{"href":"https:\/\/neuquentvcanal10.com.ar\/tv\/index.php?rest_route=\/wp\/v2\/types\/post"}],"author":[{"embeddable":true,"href":"https:\/\/neuquentvcanal10.com.ar\/tv\/index.php?rest_route=\/wp\/v2\/users\/1"}],"replies":[{"embeddable":true,"href":"https:\/\/neuquentvcanal10.com.ar\/tv\/index.php?rest_route=%2Fwp%2Fv2%2Fcomments&post=371"}],"version-history":[{"count":1,"href":"https:\/\/neuquentvcanal10.com.ar\/tv\/index.php?rest_route=\/wp\/v2\/posts\/371\/revisions"}],"predecessor-version":[{"id":373,"href":"https:\/\/neuquentvcanal10.com.ar\/tv\/index.php?rest_route=\/wp\/v2\/posts\/371\/revisions\/373"}],"wp:featuredmedia":[{"embeddable":true,"href":"https:\/\/neuquentvcanal10.com.ar\/tv\/index.php?rest_route=\/wp\/v2\/media\/372"}],"wp:attachment":[{"href":"https:\/\/neuquentvcanal10.com.ar\/tv\/index.php?rest_route=%2Fwp%2Fv2%2Fmedia&parent=371"}],"wp:term":[{"taxonomy":"category","embeddable":true,"href":"https:\/\/neuquentvcanal10.com.ar\/tv\/index.php?rest_route=%2Fwp%2Fv2%2Fcategories&post=371"},{"taxonomy":"post_tag","embeddable":true,"href":"https:\/\/neuquentvcanal10.com.ar\/tv\/index.php?rest_route=%2Fwp%2Fv2%2Ftags&post=371"}],"curies":[{"name":"wp","href":"https:\/\/api.w.org\/{rel}","templated":true}]}}