{"id":367,"date":"2021-08-08T11:11:00","date_gmt":"2021-08-08T11:11:00","guid":{"rendered":"http:\/\/neuquentvcanal10.com.ar\/tv\/?p=367"},"modified":"2021-08-08T14:16:48","modified_gmt":"2021-08-08T14:16:48","slug":"covid-neuquen-cerro-el-sabado-con-186-casos-y-cuatro-muertes","status":"publish","type":"post","link":"https:\/\/neuquentvcanal10.com.ar\/tv\/?p=367","title":{"rendered":"COVID: Neuqu\u00e9n cerr\u00f3 el s\u00e1bado con 186 casos y cuatro muertes"},"content":{"rendered":"\n<figure class=\"wp-block-gallery columns-1 is-cropped wp-block-gallery-1 is-layout-flex wp-block-gallery-is-layout-flex\"><ul class=\"blocks-gallery-grid\"><li class=\"blocks-gallery-item\"><figure><img loading=\"lazy\" decoding=\"async\" width=\"770\" height=\"433\" src=\"http:\/\/neuquentvcanal10.com.ar\/tv\/wp-content\/uploads\/2021\/08\/mis-clinica-pasteur-13jpg.jpg\" alt=\"\" data-id=\"368\" data-full-url=\"http:\/\/neuquentvcanal10.com.ar\/tv\/wp-content\/uploads\/2021\/08\/mis-clinica-pasteur-13jpg.jpg\" data-link=\"http:\/\/neuquentvcanal10.com.ar\/tv\/?attachment_id=368\" class=\"wp-image-368\" srcset=\"https:\/\/neuquentvcanal10.com.ar\/tv\/wp-content\/uploads\/2021\/08\/mis-clinica-pasteur-13jpg.jpg 770w, https:\/\/neuquentvcanal10.com.ar\/tv\/wp-content\/uploads\/2021\/08\/mis-clinica-pasteur-13jpg-300x169.jpg 300w, https:\/\/neuquentvcanal10.com.ar\/tv\/wp-content\/uploads\/2021\/08\/mis-clinica-pasteur-13jpg-768x432.jpg 768w, https:\/\/neuquentvcanal10.com.ar\/tv\/wp-content\/uploads\/2021\/08\/mis-clinica-pasteur-13jpg-696x391.jpg 696w, https:\/\/neuquentvcanal10.com.ar\/tv\/wp-content\/uploads\/2021\/08\/mis-clinica-pasteur-13jpg-747x420.jpg 747w\" sizes=\"auto, (max-width: 770px) 100vw, 770px\" \/><\/figure><\/li><\/ul><figcaption class=\"blocks-gallery-caption\">La provincia de Neuqu\u00e9n report\u00f3 este s\u00e1bado 186\u00a0<strong><a href=\"https:\/\/www.lmneuquen.com\/casos-a11446\">casos<\/a>\u00a0<a href=\"https:\/\/www.lmneuquen.com\/positivos-a15692\">positivos<\/a><\/strong>\u00a0y cuatro muertes por\u00a0<strong><a href=\"https:\/\/www.lmneuquen.com\/coronavirus-a11277\">COVID<\/a><\/strong>. Adem\u00e1s, el informe del ministerio de Salud de la provincia indic\u00f3 que 221 personas recibieron el alta m\u00e9dica de la enfermedad. De esta forma, los pacientes con el virus activo en la provincia son 2463 y las v\u00edctimas fatales alcanz\u00f3 la cifra de 2165.En tanto, la ocupaci\u00f3n de camas de terapia intensiva en la provincia contin\u00faa al 72 por cientoDe acuerdo al reporte de la cartera sanitaria, hay 73 neuquinos internados en las Unidades de Cuidados Intensivos (UCI), 25 est\u00e1n alojados en terapia intermedia y 161 en sala general. A su vez, son 7 los pacientes que est\u00e1n siendo atendidos en las instalaciones del Espacio Duam y 2197 los que se encuentran en sus hogares bajo tratamiento ambulatorio.Entre los nuevos contagios, Neuqu\u00e9n capital fue la que m\u00e1s report\u00f3 con 87 positivos. Detr\u00e1s se ubicaron San Mart\u00edn de los Andes con 23 y Plottier con 18 casos positivos y Centenario con 10 y Villa El Choc\u00f3n con ocho. En tanto, Alumin\u00e9 sum\u00f3 7 contagios, Rinc\u00f3n de los Sauces 6, Senillosa 4 y A\u00f1elo 4.<br>Tres nuevos casos se registraron en Chos Malal, Villa La Angostura, Tricao Malal, y dos casos en San Patricio del Cha\u00f1ar, Cutral Co, Jun\u00edn de los Andes y Pic\u00fan Leuf\u00fa. Las ciudades de Zapala y Plaza Huincul reportaron un caso cada una.<br>Desde el inicio de la pandemia 111.955 neuquinos se contagiaron, de los cuales 107.327 se recuperaron de la enfermedad.<\/figcaption><\/figure>\n","protected":false},"excerpt":{"rendered":"La provincia de Neuqu\u00e9n report\u00f3 este s\u00e1bado 186\u00a0casos\u00a0positivos\u00a0y cuatro muertes por\u00a0COVID. Adem\u00e1s, el informe del ministerio de Salud de la provincia indic\u00f3 que 221 personas recibieron el alta m\u00e9dica de la enfermedad. De esta forma, los pacientes con el virus activo en la provincia son 2463 y las v\u00edctimas fatales alcanz\u00f3 la cifra de 2165.En [...]","protected":false},"author":1,"featured_media":369,"comment_status":"open","ping_status":"open","sticky":false,"template":"","format":"standard","meta":{"om_disable_all_campaigns":false,"_monsterinsights_skip_tracking":false,"_monsterinsights_sitenote_active":false,"_monsterinsights_sitenote_note":"","_monsterinsights_sitenote_category":0,"footnotes":""},"categories":[24],"tags":[31],"class_list":["post-367","post","type-post","status-publish","format-standard","has-post-thumbnail","hentry","category-la-ciudad","tag-dos"],"aioseo_notices":[],"_links":{"self":[{"href":"https:\/\/neuquentvcanal10.com.ar\/tv\/index.php?rest_route=\/wp\/v2\/posts\/367","targetHints":{"allow":["GET"]}}],"collection":[{"href":"https:\/\/neuquentvcanal10.com.ar\/tv\/index.php?rest_route=\/wp\/v2\/posts"}],"about":[{"href":"https:\/\/neuquentvcanal10.com.ar\/tv\/index.php?rest_route=\/wp\/v2\/types\/post"}],"author":[{"embeddable":true,"href":"https:\/\/neuquentvcanal10.com.ar\/tv\/index.php?rest_route=\/wp\/v2\/users\/1"}],"replies":[{"embeddable":true,"href":"https:\/\/neuquentvcanal10.com.ar\/tv\/index.php?rest_route=%2Fwp%2Fv2%2Fcomments&post=367"}],"version-history":[{"count":1,"href":"https:\/\/neuquentvcanal10.com.ar\/tv\/index.php?rest_route=\/wp\/v2\/posts\/367\/revisions"}],"predecessor-version":[{"id":370,"href":"https:\/\/neuquentvcanal10.com.ar\/tv\/index.php?rest_route=\/wp\/v2\/posts\/367\/revisions\/370"}],"wp:featuredmedia":[{"embeddable":true,"href":"https:\/\/neuquentvcanal10.com.ar\/tv\/index.php?rest_route=\/wp\/v2\/media\/369"}],"wp:attachment":[{"href":"https:\/\/neuquentvcanal10.com.ar\/tv\/index.php?rest_route=%2Fwp%2Fv2%2Fmedia&parent=367"}],"wp:term":[{"taxonomy":"category","embeddable":true,"href":"https:\/\/neuquentvcanal10.com.ar\/tv\/index.php?rest_route=%2Fwp%2Fv2%2Fcategories&post=367"},{"taxonomy":"post_tag","embeddable":true,"href":"https:\/\/neuquentvcanal10.com.ar\/tv\/index.php?rest_route=%2Fwp%2Fv2%2Ftags&post=367"}],"curies":[{"name":"wp","href":"https:\/\/api.w.org\/{rel}","templated":true}]}}