{"id":363,"date":"2021-08-08T13:56:29","date_gmt":"2021-08-08T13:56:29","guid":{"rendered":"http:\/\/neuquentvcanal10.com.ar\/tv\/?p=363"},"modified":"2021-08-08T13:56:32","modified_gmt":"2021-08-08T13:56:32","slug":"lionel-messi-entre-lagrimas-me-hubiese-gustado-despedirme-de-otra-manera","status":"publish","type":"post","link":"https:\/\/neuquentvcanal10.com.ar\/tv\/?p=363","title":{"rendered":"Lionel Messi, entre l\u00e1grimas: &#8220;Me hubiese gustado despedirme de otra manera&#8221;"},"content":{"rendered":"\n<figure class=\"wp-block-gallery columns-1 is-cropped wp-block-gallery-1 is-layout-flex wp-block-gallery-is-layout-flex\"><ul class=\"blocks-gallery-grid\"><li class=\"blocks-gallery-item\"><figure><img loading=\"lazy\" decoding=\"async\" width=\"960\" height=\"640\" src=\"http:\/\/neuquentvcanal10.com.ar\/tv\/wp-content\/uploads\/2021\/08\/184192-000-9ku2j9.jpg\" alt=\"\" data-id=\"364\" data-full-url=\"http:\/\/neuquentvcanal10.com.ar\/tv\/wp-content\/uploads\/2021\/08\/184192-000-9ku2j9.jpg\" data-link=\"http:\/\/neuquentvcanal10.com.ar\/tv\/?attachment_id=364\" class=\"wp-image-364\" srcset=\"https:\/\/neuquentvcanal10.com.ar\/tv\/wp-content\/uploads\/2021\/08\/184192-000-9ku2j9.jpg 960w, https:\/\/neuquentvcanal10.com.ar\/tv\/wp-content\/uploads\/2021\/08\/184192-000-9ku2j9-300x200.jpg 300w, https:\/\/neuquentvcanal10.com.ar\/tv\/wp-content\/uploads\/2021\/08\/184192-000-9ku2j9-768x512.jpg 768w, https:\/\/neuquentvcanal10.com.ar\/tv\/wp-content\/uploads\/2021\/08\/184192-000-9ku2j9-696x464.jpg 696w, https:\/\/neuquentvcanal10.com.ar\/tv\/wp-content\/uploads\/2021\/08\/184192-000-9ku2j9-630x420.jpg 630w\" sizes=\"auto, (max-width: 960px) 100vw, 960px\" \/><\/figure><\/li><\/ul><figcaption class=\"blocks-gallery-caption\">Ni una palabra lleg\u00f3 a pronunciar\u00a0<strong>Lionel Messi<\/strong>\u00a0que ya estaba lagrimeando, apenas ingresado al auditorio este domingo para su\u00a0<strong>conferencia de prensa de despedida del Barcelona<\/strong>. Antonella Roccuzzo, sentada en primera fila junto a sus hijos, tuvo que levantarse para alcanzarle unos pa\u00f1uelos. Un verdadero fin de era, la del rosarino y el club catal\u00e1n que lo despidi\u00f3 con sus 35 trofeos en la sala.<br>No hubo dardos, al menos s\u00faper expl\u00edcitos, ni confirmaci\u00f3n de su nuevo destino, a pesar de que todos apuntan hacia el Par\u00eds Saint-Germain franc\u00e9s.\u00a0<strong>Casi que s\u00f3lo hubo lugar para la emoci\u00f3n y, sobre todas las cosas, el aseguramiento por parte del rosarino de que hizo &#8220;todo lo posible&#8221; para seguir en el Barcelona<\/strong>. Aqu\u00ed, los fragmentos m\u00e1s destacados del discurso del goleador.<\/figcaption><\/figure>\n\n\n\n<ul class=\"wp-block-list\"><li>&#8220;Buen d\u00eda,\u00a0<strong>la verdad que no se si voy a poder hablar.\u00a0<\/strong>En estos \u00faltimos d\u00edas estuve pensando, d\u00e1ndole vuelta&#8230; A ver qu\u00e9 pod\u00eda decir y no me sal\u00eda nada, estaba bloqueado. Como lo estoy ahora todav\u00eda. Es muy dif\u00edcil esto para m\u00ed, despu\u00e9s de tantos a\u00f1os, de hacer toda mi vida ac\u00e1. No estaba preparado. El a\u00f1o pasado cuando se arm\u00f3 todo el l\u00edo del burofax s\u00ed que lo estaba. Pero este a\u00f1o no.\u00a0<strong>Este a\u00f1o estaba convencido de que \u00edbamos a seguir ac\u00e1, mi familia y yo, en nuestra casa, que es lo que m\u00e1s quer\u00edamos&#8221;<\/strong>.<\/li><li>&#8220;<strong>Me hubiese gustado despedirme de otra manera.<\/strong>\u00a0Nunca imagin\u00e9 mi despedida porque no lo pensaba pero creo que no la hubiese imaginado de esta manera.\u00a0<strong>Me hubiese gustado hacerlo con gente en el campo<\/strong>, poder escuchar una \u00faltima ovaci\u00f3n, un \u00faltimo cari\u00f1o. Lo extra\u00f1\u00e9 mucho durante esta pandemia. Me retiro de este club sin verlos y ya va m\u00e1s de un a\u00f1o y medio. Pero bueno, se dio as\u00ed&#8221;.<\/li><li>&#8220;Fue un baldazo de agua fr\u00eda. No lo esper\u00e1bamos. Fue muy triste, duro&#8230; Hasta el d\u00eda de hoy que estamos asimil\u00e1ndolo como podemos. Cuando me vaya de ac\u00e1 seguramente que me va a caer m\u00e1s la ficha todav\u00eda y va a ser peor. Pero bueno, lo importante es que voy a estar arropado de mi familia, mis seres queridos.\u00a0<strong>Y lo m\u00e1s importante es que voy a seguir jugando al f\u00fatbol, que es lo que m\u00e1s me gusta hacer y una vez que empiece seguramente se me va a pasar todo esto&#8221;.<\/strong><\/li><\/ul>\n\n\n\n<figure class=\"wp-block-embed is-type-video is-provider-youtube wp-block-embed-youtube wp-embed-aspect-16-9 wp-has-aspect-ratio\"><div class=\"wp-block-embed__wrapper\">\n<iframe loading=\"lazy\" title=\"El discurso de Leo Messi en su despedida del FC Barcelona\" width=\"696\" height=\"392\" src=\"https:\/\/www.youtube.com\/embed\/fLUwDp9N4qc?feature=oembed\" frameborder=\"0\" allow=\"accelerometer; autoplay; clipboard-write; encrypted-media; gyroscope; picture-in-picture\" allowfullscreen><\/iframe>\n<\/div><\/figure>\n","protected":false},"excerpt":{"rendered":"<p>&#8220;Buen d\u00eda,\u00a0la verdad que no se si voy a poder hablar.\u00a0En estos \u00faltimos d\u00edas estuve pensando, d\u00e1ndole vuelta&#8230; A ver qu\u00e9 pod\u00eda decir y no me sal\u00eda nada, estaba bloqueado. Como lo estoy ahora todav\u00eda. Es muy dif\u00edcil esto para m\u00ed, despu\u00e9s de tantos a\u00f1os, de hacer toda mi vida ac\u00e1. No estaba preparado. El [&hellip;]<\/p>\n","protected":false},"author":1,"featured_media":365,"comment_status":"open","ping_status":"open","sticky":false,"template":"","format":"standard","meta":{"om_disable_all_campaigns":false,"_monsterinsights_skip_tracking":false,"_monsterinsights_sitenote_active":false,"_monsterinsights_sitenote_note":"","_monsterinsights_sitenote_category":0,"footnotes":""},"categories":[27],"tags":[31],"class_list":["post-363","post","type-post","status-publish","format-standard","has-post-thumbnail","hentry","category-deportes","tag-dos"],"aioseo_notices":[],"_links":{"self":[{"href":"https:\/\/neuquentvcanal10.com.ar\/tv\/index.php?rest_route=\/wp\/v2\/posts\/363","targetHints":{"allow":["GET"]}}],"collection":[{"href":"https:\/\/neuquentvcanal10.com.ar\/tv\/index.php?rest_route=\/wp\/v2\/posts"}],"about":[{"href":"https:\/\/neuquentvcanal10.com.ar\/tv\/index.php?rest_route=\/wp\/v2\/types\/post"}],"author":[{"embeddable":true,"href":"https:\/\/neuquentvcanal10.com.ar\/tv\/index.php?rest_route=\/wp\/v2\/users\/1"}],"replies":[{"embeddable":true,"href":"https:\/\/neuquentvcanal10.com.ar\/tv\/index.php?rest_route=%2Fwp%2Fv2%2Fcomments&post=363"}],"version-history":[{"count":1,"href":"https:\/\/neuquentvcanal10.com.ar\/tv\/index.php?rest_route=\/wp\/v2\/posts\/363\/revisions"}],"predecessor-version":[{"id":366,"href":"https:\/\/neuquentvcanal10.com.ar\/tv\/index.php?rest_route=\/wp\/v2\/posts\/363\/revisions\/366"}],"wp:featuredmedia":[{"embeddable":true,"href":"https:\/\/neuquentvcanal10.com.ar\/tv\/index.php?rest_route=\/wp\/v2\/media\/365"}],"wp:attachment":[{"href":"https:\/\/neuquentvcanal10.com.ar\/tv\/index.php?rest_route=%2Fwp%2Fv2%2Fmedia&parent=363"}],"wp:term":[{"taxonomy":"category","embeddable":true,"href":"https:\/\/neuquentvcanal10.com.ar\/tv\/index.php?rest_route=%2Fwp%2Fv2%2Fcategories&post=363"},{"taxonomy":"post_tag","embeddable":true,"href":"https:\/\/neuquentvcanal10.com.ar\/tv\/index.php?rest_route=%2Fwp%2Fv2%2Ftags&post=363"}],"curies":[{"name":"wp","href":"https:\/\/api.w.org\/{rel}","templated":true}]}}