{"id":351,"date":"2021-08-03T16:33:38","date_gmt":"2021-08-03T16:33:38","guid":{"rendered":"http:\/\/neuquentvcanal10.com.ar\/tv\/?p=351"},"modified":"2021-08-03T16:33:40","modified_gmt":"2021-08-03T16:33:40","slug":"las-vacunas-que-se-aplicaran-en-reemplazo-de-la-segunda-dosis-de-sputnik-v-anuncian-el-resultado-de-las-combinaciones-probadas","status":"publish","type":"post","link":"https:\/\/neuquentvcanal10.com.ar\/tv\/?p=351","title":{"rendered":"Las vacunas que se aplicar\u00e1n en reemplazo de la segunda dosis de Sputnik V: anuncian el resultado de las combinaciones probadas"},"content":{"rendered":"\n<figure class=\"wp-block-image size-full\"><img loading=\"lazy\" decoding=\"async\" width=\"960\" height=\"640\" src=\"http:\/\/neuquentvcanal10.com.ar\/tv\/wp-content\/uploads\/2021\/08\/182874-combineta-20kollmann-20teyssere.jpeg\" alt=\"\" class=\"wp-image-352\" srcset=\"https:\/\/neuquentvcanal10.com.ar\/tv\/wp-content\/uploads\/2021\/08\/182874-combineta-20kollmann-20teyssere.jpeg 960w, https:\/\/neuquentvcanal10.com.ar\/tv\/wp-content\/uploads\/2021\/08\/182874-combineta-20kollmann-20teyssere-300x200.jpeg 300w, https:\/\/neuquentvcanal10.com.ar\/tv\/wp-content\/uploads\/2021\/08\/182874-combineta-20kollmann-20teyssere-768x512.jpeg 768w, https:\/\/neuquentvcanal10.com.ar\/tv\/wp-content\/uploads\/2021\/08\/182874-combineta-20kollmann-20teyssere-696x464.jpeg 696w, https:\/\/neuquentvcanal10.com.ar\/tv\/wp-content\/uploads\/2021\/08\/182874-combineta-20kollmann-20teyssere-630x420.jpeg 630w\" sizes=\"auto, (max-width: 960px) 100vw, 960px\" \/><figcaption>La<strong>\u00a0Naci\u00f3n,\u00a0<\/strong>la<strong>\u00a0Provincia de Buenos Aires<\/strong>\u00a0y la<strong>\u00a0Ciudad de Buenos Aires, de manera conjunta presentar\u00e1n este mi\u00e9rcoles<\/strong>, en conferencia de prensa<strong>, los resultados positivos de la combinaci\u00f3n de vacunas.\u00a0<\/strong>Ser\u00eda a la tarde, a las 15.30 en el Ministerio de Salud de la Naci\u00f3n. La l\u00f3gica indica que estar\u00e1n la ministra Carla Vizzotti y los titulares de Salud bonaerense, Nicol\u00e1s Kreplak, y porte\u00f1o, Fern\u00e1n Quir\u00f3s. Todas las versiones coinciden en que,<strong>\u00a0medido por anticuerpos neutralizantes, la combinaci\u00f3n de vacunas result\u00f3 positiva en las tres variantes estudiadas: Sputnik 1 con Oxford\/AstraZeneca; Sputnik 1 con Sinopharm y Sputnik 1 con Sputnik 1.<\/strong>\u00a0Alguno de los trabajos indicar\u00eda que<strong>\u00a0la combinaci\u00f3n con AstraZeneca es la m\u00e1s efectiva<\/strong>\u00a0y que con Sinopharm hay que esperar dos semanas m\u00e1s. En cualquier caso, eso permite ir para adelante con esa estrategia del sistema heter\u00f3logo. Seg\u00fan parece,<strong>\u00a0la Provincia de Buenos Aires tiene, adem\u00e1s del estudio con voluntarios hecho a partir de los errores en la vacunaci\u00f3n.<\/strong><br>En la conferencia de prensa se presentar\u00e1n los resultados que trabajaron cada uno de los distritos y el Estado nacional, todos con la participaci\u00f3n de la Unidad Covid del Ministerio de Ciencia y T\u00e9cnica, que conduce Roberto Salvarezza y con la intervenci\u00f3n del Conicet. Los voluntarios fueron bonaerenses y porte\u00f1os y luego las muestras se procesaron tambi\u00e9n en el Instituto Leloir, bajo la direcci\u00f3n de Andrea Gamarnik, el Imbirs, que lidera Jorge Geffner, y el Ibyme de Gabriel Rabinovich. La l\u00f3gica indicaba que deb\u00edan dar resultados positivos porque as\u00ed fue en otros pa\u00edses del mundo y porque est\u00e1 el antecedente p\u00fablico de la canciller alemana Angela Merkel que se aplic\u00f3 dos vacunas de distintos laboratorios<\/figcaption><\/figure>\n\n\n\n<figure class=\"wp-block-image size-full\"><img loading=\"lazy\" decoding=\"async\" width=\"1000\" height=\"600\" src=\"http:\/\/neuquentvcanal10.com.ar\/tv\/wp-content\/uploads\/2021\/08\/77108-llegaron-a-salta-18-mil-dosis-del-segundo-componente-de-sputnik-v.jpg\" alt=\"\" class=\"wp-image-353\" srcset=\"https:\/\/neuquentvcanal10.com.ar\/tv\/wp-content\/uploads\/2021\/08\/77108-llegaron-a-salta-18-mil-dosis-del-segundo-componente-de-sputnik-v.jpg 1000w, https:\/\/neuquentvcanal10.com.ar\/tv\/wp-content\/uploads\/2021\/08\/77108-llegaron-a-salta-18-mil-dosis-del-segundo-componente-de-sputnik-v-300x180.jpg 300w, https:\/\/neuquentvcanal10.com.ar\/tv\/wp-content\/uploads\/2021\/08\/77108-llegaron-a-salta-18-mil-dosis-del-segundo-componente-de-sputnik-v-768x461.jpg 768w, https:\/\/neuquentvcanal10.com.ar\/tv\/wp-content\/uploads\/2021\/08\/77108-llegaron-a-salta-18-mil-dosis-del-segundo-componente-de-sputnik-v-696x418.jpg 696w, https:\/\/neuquentvcanal10.com.ar\/tv\/wp-content\/uploads\/2021\/08\/77108-llegaron-a-salta-18-mil-dosis-del-segundo-componente-de-sputnik-v-700x420.jpg 700w\" sizes=\"auto, (max-width: 1000px) 100vw, 1000px\" \/><figcaption>Ya trascendieron los resultados en materia de seguridad: est\u00e1 claro que no se producen efectos adversos m\u00e1s all\u00e1 de los ya conocidos, algo de fiebre, cansancio y dolor en el brazo, por breve per\u00edodo de tiempo.<br><strong>El punto clave es la inmunogenicidad, es decir la eficiencia.<\/strong>\u00a0Y en ese terreno se analizaron dos cuestiones: l<strong>a cantidad de anticuerpos generados por cada combinaci\u00f3n de vacunas y la calidad de esos anticuerpos, que es la capacidad de neutralizaci\u00f3n del virus que tienen.<\/strong><br>Por los trascendidos &#8211;los resultados precisos se dar\u00e1n a conocer en la conferencia de prensa&#8211;<strong>\u00a0las conclusiones ser\u00edan las siguientes<\/strong>:<br>Respecto de AstraZeneca la respuesta es perfecta, es decir que combinar Spuntik 1 con Oxford\/AstraZeneca da igual o mejor respuesta que Spuntik 1 y Sputnik 2.<br>Respecto de Sinopharm habr\u00eda dos conclusiones distintas. Por un lado, que da buena respuesta, igual o superior a aplicar Sputnik 1 y Spuntik 2, y habr\u00eda otro estudio que sostiene que hay que esperar un poco m\u00e1s porque los anticuerpos de Sinopharm tardan unos 28 d\u00edas en desarrollarse.<\/figcaption><\/figure>\n","protected":false},"excerpt":{"rendered":"La\u00a0Naci\u00f3n,\u00a0la\u00a0Provincia de Buenos Aires\u00a0y la\u00a0Ciudad de Buenos Aires, de manera conjunta presentar\u00e1n este mi\u00e9rcoles, en conferencia de prensa, los resultados positivos de la combinaci\u00f3n de vacunas.\u00a0Ser\u00eda a la tarde, a las 15.30 en el Ministerio de Salud de la Naci\u00f3n. La l\u00f3gica indica que estar\u00e1n la ministra Carla Vizzotti y los titulares de Salud bonaerense, [...]","protected":false},"author":1,"featured_media":352,"comment_status":"open","ping_status":"open","sticky":false,"template":"","format":"standard","meta":{"om_disable_all_campaigns":false,"_monsterinsights_skip_tracking":false,"_monsterinsights_sitenote_active":false,"_monsterinsights_sitenote_note":"","_monsterinsights_sitenote_category":0,"footnotes":""},"categories":[25],"tags":[30],"class_list":["post-351","post","type-post","status-publish","format-standard","has-post-thumbnail","hentry","category-pais","tag-uno"],"aioseo_notices":[],"_links":{"self":[{"href":"https:\/\/neuquentvcanal10.com.ar\/tv\/index.php?rest_route=\/wp\/v2\/posts\/351","targetHints":{"allow":["GET"]}}],"collection":[{"href":"https:\/\/neuquentvcanal10.com.ar\/tv\/index.php?rest_route=\/wp\/v2\/posts"}],"about":[{"href":"https:\/\/neuquentvcanal10.com.ar\/tv\/index.php?rest_route=\/wp\/v2\/types\/post"}],"author":[{"embeddable":true,"href":"https:\/\/neuquentvcanal10.com.ar\/tv\/index.php?rest_route=\/wp\/v2\/users\/1"}],"replies":[{"embeddable":true,"href":"https:\/\/neuquentvcanal10.com.ar\/tv\/index.php?rest_route=%2Fwp%2Fv2%2Fcomments&post=351"}],"version-history":[{"count":1,"href":"https:\/\/neuquentvcanal10.com.ar\/tv\/index.php?rest_route=\/wp\/v2\/posts\/351\/revisions"}],"predecessor-version":[{"id":354,"href":"https:\/\/neuquentvcanal10.com.ar\/tv\/index.php?rest_route=\/wp\/v2\/posts\/351\/revisions\/354"}],"wp:featuredmedia":[{"embeddable":true,"href":"https:\/\/neuquentvcanal10.com.ar\/tv\/index.php?rest_route=\/wp\/v2\/media\/352"}],"wp:attachment":[{"href":"https:\/\/neuquentvcanal10.com.ar\/tv\/index.php?rest_route=%2Fwp%2Fv2%2Fmedia&parent=351"}],"wp:term":[{"taxonomy":"category","embeddable":true,"href":"https:\/\/neuquentvcanal10.com.ar\/tv\/index.php?rest_route=%2Fwp%2Fv2%2Fcategories&post=351"},{"taxonomy":"post_tag","embeddable":true,"href":"https:\/\/neuquentvcanal10.com.ar\/tv\/index.php?rest_route=%2Fwp%2Fv2%2Ftags&post=351"}],"curies":[{"name":"wp","href":"https:\/\/api.w.org\/{rel}","templated":true}]}}