{"id":348,"date":"2021-08-03T16:26:09","date_gmt":"2021-08-03T16:26:09","guid":{"rendered":"http:\/\/neuquentvcanal10.com.ar\/tv\/?p=348"},"modified":"2021-08-03T16:26:11","modified_gmt":"2021-08-03T16:26:11","slug":"senillosa-inauguracion-de-bomba-de-impulsion-y-red-de-agua-potable-en-barrio-ch","status":"publish","type":"post","link":"https:\/\/neuquentvcanal10.com.ar\/tv\/?p=348","title":{"rendered":"SENILLOSA-INAUGURACI\u00d3N DE BOMBA DE IMPULSI\u00d3N Y RED DE AGUA POTABLE EN BARRIO CH."},"content":{"rendered":"\n<figure class=\"wp-block-image size-large\"><img loading=\"lazy\" decoding=\"async\" width=\"1024\" height=\"682\" src=\"http:\/\/neuquentvcanal10.com.ar\/tv\/wp-content\/uploads\/2021\/08\/225013543_4202222423195277_5949590424325162342_n-1024x682.jpg\" alt=\"\" class=\"wp-image-349\" srcset=\"https:\/\/neuquentvcanal10.com.ar\/tv\/wp-content\/uploads\/2021\/08\/225013543_4202222423195277_5949590424325162342_n-1024x682.jpg 1024w, https:\/\/neuquentvcanal10.com.ar\/tv\/wp-content\/uploads\/2021\/08\/225013543_4202222423195277_5949590424325162342_n-300x200.jpg 300w, https:\/\/neuquentvcanal10.com.ar\/tv\/wp-content\/uploads\/2021\/08\/225013543_4202222423195277_5949590424325162342_n-768x512.jpg 768w, https:\/\/neuquentvcanal10.com.ar\/tv\/wp-content\/uploads\/2021\/08\/225013543_4202222423195277_5949590424325162342_n-696x464.jpg 696w, https:\/\/neuquentvcanal10.com.ar\/tv\/wp-content\/uploads\/2021\/08\/225013543_4202222423195277_5949590424325162342_n-1068x712.jpg 1068w, https:\/\/neuquentvcanal10.com.ar\/tv\/wp-content\/uploads\/2021\/08\/225013543_4202222423195277_5949590424325162342_n-630x420.jpg 630w, https:\/\/neuquentvcanal10.com.ar\/tv\/wp-content\/uploads\/2021\/08\/225013543_4202222423195277_5949590424325162342_n.jpg 1280w\" sizes=\"auto, (max-width: 1024px) 100vw, 1024px\" \/><figcaption>En el marco de las actividades por el 70\u00b0 Aniversario de la Ciudad de Senillosa, la Intendenta Patricia Fern\u00e1ndez junto al Gobernador Omar Guti\u00e9rrez y autoridades presentes en el lugar, inauguraron la Estaci\u00f3n de Bombeo y Red de Agua Potable en el Barrio CH.<br>Mediante un Convenio de Cooperaci\u00f3n Rec\u00edproca realizado con la empresa GRANDTERRA S.R.L., se llev\u00f3 adelante la construcci\u00f3n de la casilla e instalaci\u00f3n de la estaci\u00f3n de bombeo para la provisi\u00f3n de agua potable en el Barrio CH.<br>La obra de red de agua se llev\u00f3 adelante en conjunto con el EPAS, ya que ellos proveyeron la mano de obra y desde la Municipalidad se costaron los materiales necesarios para ampliar la red de agua potable.<br>Hoy, este servicio b\u00e1sico y esencial, est\u00e1 al alcance de los vecinos, siendo 450 familias las beneficiadas con est\u00e1 anhelada obra, a quienes s\u00f3lo les resta realizar la conexi\u00f3n domiciliaria a la red.<\/figcaption><\/figure>\n","protected":false},"excerpt":{"rendered":"En el marco de las actividades por el 70\u00b0 Aniversario de la Ciudad de Senillosa, la Intendenta Patricia Fern\u00e1ndez junto al Gobernador Omar Guti\u00e9rrez y autoridades presentes en el lugar, inauguraron la Estaci\u00f3n de Bombeo y Red de Agua Potable en el Barrio CH.Mediante un Convenio de Cooperaci\u00f3n Rec\u00edproca realizado con la empresa GRANDTERRA S.R.L., [...]","protected":false},"author":1,"featured_media":349,"comment_status":"open","ping_status":"open","sticky":false,"template":"","format":"standard","meta":{"om_disable_all_campaigns":false,"_monsterinsights_skip_tracking":false,"_monsterinsights_sitenote_active":false,"_monsterinsights_sitenote_note":"","_monsterinsights_sitenote_category":0,"footnotes":""},"categories":[21],"tags":[31],"class_list":["post-348","post","type-post","status-publish","format-standard","has-post-thumbnail","hentry","category-politica","tag-dos"],"aioseo_notices":[],"_links":{"self":[{"href":"https:\/\/neuquentvcanal10.com.ar\/tv\/index.php?rest_route=\/wp\/v2\/posts\/348","targetHints":{"allow":["GET"]}}],"collection":[{"href":"https:\/\/neuquentvcanal10.com.ar\/tv\/index.php?rest_route=\/wp\/v2\/posts"}],"about":[{"href":"https:\/\/neuquentvcanal10.com.ar\/tv\/index.php?rest_route=\/wp\/v2\/types\/post"}],"author":[{"embeddable":true,"href":"https:\/\/neuquentvcanal10.com.ar\/tv\/index.php?rest_route=\/wp\/v2\/users\/1"}],"replies":[{"embeddable":true,"href":"https:\/\/neuquentvcanal10.com.ar\/tv\/index.php?rest_route=%2Fwp%2Fv2%2Fcomments&post=348"}],"version-history":[{"count":1,"href":"https:\/\/neuquentvcanal10.com.ar\/tv\/index.php?rest_route=\/wp\/v2\/posts\/348\/revisions"}],"predecessor-version":[{"id":350,"href":"https:\/\/neuquentvcanal10.com.ar\/tv\/index.php?rest_route=\/wp\/v2\/posts\/348\/revisions\/350"}],"wp:featuredmedia":[{"embeddable":true,"href":"https:\/\/neuquentvcanal10.com.ar\/tv\/index.php?rest_route=\/wp\/v2\/media\/349"}],"wp:attachment":[{"href":"https:\/\/neuquentvcanal10.com.ar\/tv\/index.php?rest_route=%2Fwp%2Fv2%2Fmedia&parent=348"}],"wp:term":[{"taxonomy":"category","embeddable":true,"href":"https:\/\/neuquentvcanal10.com.ar\/tv\/index.php?rest_route=%2Fwp%2Fv2%2Fcategories&post=348"},{"taxonomy":"post_tag","embeddable":true,"href":"https:\/\/neuquentvcanal10.com.ar\/tv\/index.php?rest_route=%2Fwp%2Fv2%2Ftags&post=348"}],"curies":[{"name":"wp","href":"https:\/\/api.w.org\/{rel}","templated":true}]}}