{"id":339,"date":"2021-08-03T16:13:25","date_gmt":"2021-08-03T16:13:25","guid":{"rendered":"http:\/\/neuquentvcanal10.com.ar\/tv\/?p=339"},"modified":"2021-08-03T16:14:53","modified_gmt":"2021-08-03T16:14:53","slug":"senillosa-caso-alvarez-nuevas-presentaciones-ante-la-justicia","status":"publish","type":"post","link":"https:\/\/neuquentvcanal10.com.ar\/tv\/?p=339","title":{"rendered":"SENILLOSA: Caso \u00c1lvarez.Nuevas presentaciones ante la justicia"},"content":{"rendered":"\n<figure class=\"wp-block-image size-full\"><img loading=\"lazy\" decoding=\"async\" width=\"770\" height=\"435\" src=\"http:\/\/neuquentvcanal10.com.ar\/tv\/wp-content\/uploads\/2021\/08\/una-las-hijas-del-camionero-se-encadeno-que-le-den-una-cama-terapia-intensiva.jpg\" alt=\"\" class=\"wp-image-340\" srcset=\"https:\/\/neuquentvcanal10.com.ar\/tv\/wp-content\/uploads\/2021\/08\/una-las-hijas-del-camionero-se-encadeno-que-le-den-una-cama-terapia-intensiva.jpg 770w, https:\/\/neuquentvcanal10.com.ar\/tv\/wp-content\/uploads\/2021\/08\/una-las-hijas-del-camionero-se-encadeno-que-le-den-una-cama-terapia-intensiva-300x169.jpg 300w, https:\/\/neuquentvcanal10.com.ar\/tv\/wp-content\/uploads\/2021\/08\/una-las-hijas-del-camionero-se-encadeno-que-le-den-una-cama-terapia-intensiva-768x434.jpg 768w, https:\/\/neuquentvcanal10.com.ar\/tv\/wp-content\/uploads\/2021\/08\/una-las-hijas-del-camionero-se-encadeno-que-le-den-una-cama-terapia-intensiva-696x393.jpg 696w, https:\/\/neuquentvcanal10.com.ar\/tv\/wp-content\/uploads\/2021\/08\/una-las-hijas-del-camionero-se-encadeno-que-le-den-una-cama-terapia-intensiva-743x420.jpg 743w\" sizes=\"auto, (max-width: 770px) 100vw, 770px\" \/><figcaption>En dialogo con CADENA ARGENTINA DE RADIO Y TV DE NEUQUEN,Natalia Alvarez y su abogado Maximiliano Gomez denunciaron a directivos del hospitla Adolfo del Valle de la localidad de SENILLOSA.<\/figcaption><\/figure>\n\n\n\n<figure class=\"wp-block-image size-full\"><img loading=\"lazy\" decoding=\"async\" width=\"920\" height=\"517\" src=\"http:\/\/neuquentvcanal10.com.ar\/tv\/wp-content\/uploads\/2021\/08\/Captura-1.jpg\" alt=\"\" class=\"wp-image-341\" srcset=\"https:\/\/neuquentvcanal10.com.ar\/tv\/wp-content\/uploads\/2021\/08\/Captura-1.jpg 920w, https:\/\/neuquentvcanal10.com.ar\/tv\/wp-content\/uploads\/2021\/08\/Captura-1-300x169.jpg 300w, https:\/\/neuquentvcanal10.com.ar\/tv\/wp-content\/uploads\/2021\/08\/Captura-1-768x432.jpg 768w, https:\/\/neuquentvcanal10.com.ar\/tv\/wp-content\/uploads\/2021\/08\/Captura-1-696x391.jpg 696w, https:\/\/neuquentvcanal10.com.ar\/tv\/wp-content\/uploads\/2021\/08\/Captura-1-747x420.jpg 747w\" sizes=\"auto, (max-width: 920px) 100vw, 920px\" \/><figcaption>La situaci\u00f3n ocurri\u00f3 en la localidad de Senillosa y se viraliz\u00f3 en las redes sociales. Roberto \u00c1lvarez es un conocido camionero de Senillosa, que se enferm\u00f3 de neumon\u00eda en medio del colapso sanitario. Aunque no tiene comorbilidades y dio negativo tres veces para COVID, pas\u00f3 una semana en el hospital local con saturaci\u00f3n del 70 por ciento, sin lograr una vacante en terapia intensiva, Las tres hijas de Roberto \u00c1lvarez decidieron denunciar la situaci\u00f3n por Facebook y pidieron a sus vecinos que las ayuden a viralizar el caso, para conseguir una cama. &#8220;<strong>Mi pap\u00e1 no tiene obra social y recibimos insultos de la directora del hospital y de una doctora, que nos dijeron que \u00e9ramos una familia de cuarta por salir a decir que no lo trasladaban&#8221;<\/strong>, explic\u00f3 Natalia en sus redes.<\/figcaption><\/figure>\n\n\n\n<figure class=\"wp-block-video\"><\/figure>\n\n\n\n<p><\/p>\n","protected":false},"excerpt":{"rendered":"En dialogo con CADENA ARGENTINA DE RADIO Y TV DE NEUQUEN,Natalia Alvarez y su abogado Maximiliano Gomez denunciaron a directivos del hospitla Adolfo del Valle de la localidad de SENILLOSA. La situaci\u00f3n ocurri\u00f3 en la localidad de Senillosa y se viraliz\u00f3 en las redes sociales. Roberto \u00c1lvarez es un conocido camionero de Senillosa, que se [...]","protected":false},"author":1,"featured_media":341,"comment_status":"open","ping_status":"open","sticky":false,"template":"","format":"standard","meta":{"om_disable_all_campaigns":false,"_monsterinsights_skip_tracking":false,"_monsterinsights_sitenote_active":false,"_monsterinsights_sitenote_note":"","_monsterinsights_sitenote_category":0,"footnotes":""},"categories":[24],"tags":[31],"class_list":["post-339","post","type-post","status-publish","format-standard","has-post-thumbnail","hentry","category-la-ciudad","tag-dos"],"aioseo_notices":[],"_links":{"self":[{"href":"https:\/\/neuquentvcanal10.com.ar\/tv\/index.php?rest_route=\/wp\/v2\/posts\/339","targetHints":{"allow":["GET"]}}],"collection":[{"href":"https:\/\/neuquentvcanal10.com.ar\/tv\/index.php?rest_route=\/wp\/v2\/posts"}],"about":[{"href":"https:\/\/neuquentvcanal10.com.ar\/tv\/index.php?rest_route=\/wp\/v2\/types\/post"}],"author":[{"embeddable":true,"href":"https:\/\/neuquentvcanal10.com.ar\/tv\/index.php?rest_route=\/wp\/v2\/users\/1"}],"replies":[{"embeddable":true,"href":"https:\/\/neuquentvcanal10.com.ar\/tv\/index.php?rest_route=%2Fwp%2Fv2%2Fcomments&post=339"}],"version-history":[{"count":2,"href":"https:\/\/neuquentvcanal10.com.ar\/tv\/index.php?rest_route=\/wp\/v2\/posts\/339\/revisions"}],"predecessor-version":[{"id":344,"href":"https:\/\/neuquentvcanal10.com.ar\/tv\/index.php?rest_route=\/wp\/v2\/posts\/339\/revisions\/344"}],"wp:featuredmedia":[{"embeddable":true,"href":"https:\/\/neuquentvcanal10.com.ar\/tv\/index.php?rest_route=\/wp\/v2\/media\/341"}],"wp:attachment":[{"href":"https:\/\/neuquentvcanal10.com.ar\/tv\/index.php?rest_route=%2Fwp%2Fv2%2Fmedia&parent=339"}],"wp:term":[{"taxonomy":"category","embeddable":true,"href":"https:\/\/neuquentvcanal10.com.ar\/tv\/index.php?rest_route=%2Fwp%2Fv2%2Fcategories&post=339"},{"taxonomy":"post_tag","embeddable":true,"href":"https:\/\/neuquentvcanal10.com.ar\/tv\/index.php?rest_route=%2Fwp%2Fv2%2Ftags&post=339"}],"curies":[{"name":"wp","href":"https:\/\/api.w.org\/{rel}","templated":true}]}}