{"id":330,"date":"2021-08-02T16:11:05","date_gmt":"2021-08-02T16:11:05","guid":{"rendered":"http:\/\/neuquentvcanal10.com.ar\/tv\/?p=330"},"modified":"2021-08-02T16:59:29","modified_gmt":"2021-08-02T16:59:29","slug":"un-coche-funebre-perdio-el-cuerpo-en-plena-ruta-22","status":"publish","type":"post","link":"https:\/\/neuquentvcanal10.com.ar\/tv\/?p=330","title":{"rendered":"Un coche f\u00fanebre perdi\u00f3 el cuerpo en plena Ruta 22"},"content":{"rendered":"\n<p>Las impactantes im\u00e1genes se viralizaron r\u00e1pidamente. Sucedi\u00f3 en la localidad de Senillosa. El tr\u00e1nsito se vio interrumpido.<\/p>\n\n\n\n<p><strong>En las fotos que tomaron los testigos se puede ver el caj\u00f3n completamente abierto y el cuerpo envuelto en la cinta asf\u00e1ltica<\/strong>. Por lo que se observa en las im\u00e1genes, adem\u00e1s, efectivos de la Polic\u00eda de Neuqu\u00e9n llegaron al lugar y tomaron cartas en el asunto.<\/p>\n\n\n\n<figure class=\"wp-block-image size-full\"><img loading=\"lazy\" decoding=\"async\" width=\"600\" height=\"338\" src=\"http:\/\/neuquentvcanal10.com.ar\/tv\/wp-content\/uploads\/2021\/08\/cortejo-funebre-perdio-el-ataud-plena-ruta-22-senillosa-1.jpg\" alt=\"\" class=\"wp-image-333\" srcset=\"https:\/\/neuquentvcanal10.com.ar\/tv\/wp-content\/uploads\/2021\/08\/cortejo-funebre-perdio-el-ataud-plena-ruta-22-senillosa-1.jpg 600w, https:\/\/neuquentvcanal10.com.ar\/tv\/wp-content\/uploads\/2021\/08\/cortejo-funebre-perdio-el-ataud-plena-ruta-22-senillosa-1-300x169.jpg 300w\" sizes=\"auto, (max-width: 600px) 100vw, 600px\" \/><\/figure>\n\n\n\n<p>Seg\u00fan las primeras versiones que surgieron, el mal estado en la calzada de la Ruta 22 a esa altura, donde se llevan a cabo trabajos desde hace a\u00f1os,&nbsp;<strong>y una maniobra habr\u00edan provocado que la camilla en la que estaba apoyado el ata\u00fad se soltara de sus agarres y con su impulso abriera la puerta neum\u00e1tica trasera del veh\u00edculo que pertenece a la Cooperativa de Plottier<\/strong>.<\/p>\n\n\n\n<p>Ocurri\u00f3 a la altura de Senillosa y desde la Coope sostuvieron que el mal estado de la calzada provoc\u00f3 el hecho. El cuerpo era trasladado desde Plottier hacia Pic\u00fan Leuf\u00fa.<\/p>\n\n\n\n<p>Adem\u00e1s, pidieron que se comprendiera la situaci\u00f3n de los familiares de la persona fallecida que era trasladada y que trabajan para acompa\u00f1arlos en este duro momento.<\/p>\n\n\n\n<p>El propio presidente de la Cooperativa,<strong>&nbsp;Sergio Soto<\/strong>, se disculp\u00f3 con los allegados mediante el \u00e1rea de prensa. El tambi\u00e9n dirigente del MPN no pudo estar presente por haber sido hisopado en las \u00faltimas horas por un contacto estrecho de coronavirus.&nbsp;<strong>Seg\u00fan indicaron desde la entidad, en las pr\u00f3ximas horas la familia afectada ser\u00e1 recibida en las instalaciones de Plottier y ofrecer\u00e1n sus disculpas por lo sucedido<\/strong>.<\/p>\n","protected":false},"excerpt":{"rendered":"<p>Las impactantes im\u00e1genes se viralizaron r\u00e1pidamente. Sucedi\u00f3 en la localidad de Senillosa. El tr\u00e1nsito se vio interrumpido. En las fotos que tomaron los testigos se puede ver el caj\u00f3n completamente abierto y el cuerpo envuelto en la cinta asf\u00e1ltica. Por lo que se observa en las im\u00e1genes, adem\u00e1s, efectivos de la Polic\u00eda de Neuqu\u00e9n llegaron [&hellip;]<\/p>\n","protected":false},"author":1,"featured_media":332,"comment_status":"open","ping_status":"open","sticky":false,"template":"","format":"standard","meta":{"om_disable_all_campaigns":false,"_monsterinsights_skip_tracking":false,"_monsterinsights_sitenote_active":false,"_monsterinsights_sitenote_note":"","_monsterinsights_sitenote_category":0,"footnotes":""},"categories":[24],"tags":[31],"class_list":["post-330","post","type-post","status-publish","format-standard","has-post-thumbnail","hentry","category-la-ciudad","tag-dos"],"aioseo_notices":[],"_links":{"self":[{"href":"https:\/\/neuquentvcanal10.com.ar\/tv\/index.php?rest_route=\/wp\/v2\/posts\/330","targetHints":{"allow":["GET"]}}],"collection":[{"href":"https:\/\/neuquentvcanal10.com.ar\/tv\/index.php?rest_route=\/wp\/v2\/posts"}],"about":[{"href":"https:\/\/neuquentvcanal10.com.ar\/tv\/index.php?rest_route=\/wp\/v2\/types\/post"}],"author":[{"embeddable":true,"href":"https:\/\/neuquentvcanal10.com.ar\/tv\/index.php?rest_route=\/wp\/v2\/users\/1"}],"replies":[{"embeddable":true,"href":"https:\/\/neuquentvcanal10.com.ar\/tv\/index.php?rest_route=%2Fwp%2Fv2%2Fcomments&post=330"}],"version-history":[{"count":1,"href":"https:\/\/neuquentvcanal10.com.ar\/tv\/index.php?rest_route=\/wp\/v2\/posts\/330\/revisions"}],"predecessor-version":[{"id":334,"href":"https:\/\/neuquentvcanal10.com.ar\/tv\/index.php?rest_route=\/wp\/v2\/posts\/330\/revisions\/334"}],"wp:featuredmedia":[{"embeddable":true,"href":"https:\/\/neuquentvcanal10.com.ar\/tv\/index.php?rest_route=\/wp\/v2\/media\/332"}],"wp:attachment":[{"href":"https:\/\/neuquentvcanal10.com.ar\/tv\/index.php?rest_route=%2Fwp%2Fv2%2Fmedia&parent=330"}],"wp:term":[{"taxonomy":"category","embeddable":true,"href":"https:\/\/neuquentvcanal10.com.ar\/tv\/index.php?rest_route=%2Fwp%2Fv2%2Fcategories&post=330"},{"taxonomy":"post_tag","embeddable":true,"href":"https:\/\/neuquentvcanal10.com.ar\/tv\/index.php?rest_route=%2Fwp%2Fv2%2Ftags&post=330"}],"curies":[{"name":"wp","href":"https:\/\/api.w.org\/{rel}","templated":true}]}}