{"id":315,"date":"2021-08-01T15:42:58","date_gmt":"2021-08-01T15:42:58","guid":{"rendered":"http:\/\/neuquentvcanal10.com.ar\/tv\/?p=315"},"modified":"2021-08-01T22:53:05","modified_gmt":"2021-08-01T22:53:05","slug":"avanza-la-vacunacion-a-menores-mas-de-mil-jovenes-recibieron-el-inmunizante-hoy","status":"publish","type":"post","link":"https:\/\/neuquentvcanal10.com.ar\/tv\/?p=315","title":{"rendered":"Avanza la vacunaci\u00f3n a menores: m\u00e1s de mil j\u00f3venes recibieron el inmunizante hoy"},"content":{"rendered":"\n<figure class=\"wp-block-image size-full\"><img loading=\"lazy\" decoding=\"async\" width=\"800\" height=\"450\" src=\"http:\/\/neuquentvcanal10.com.ar\/tv\/wp-content\/uploads\/2021\/07\/f800x450-479728_531174_3651.jpg\" alt=\"\" class=\"wp-image-316\" srcset=\"https:\/\/neuquentvcanal10.com.ar\/tv\/wp-content\/uploads\/2021\/07\/f800x450-479728_531174_3651.jpg 800w, https:\/\/neuquentvcanal10.com.ar\/tv\/wp-content\/uploads\/2021\/07\/f800x450-479728_531174_3651-300x169.jpg 300w, https:\/\/neuquentvcanal10.com.ar\/tv\/wp-content\/uploads\/2021\/07\/f800x450-479728_531174_3651-768x432.jpg 768w, https:\/\/neuquentvcanal10.com.ar\/tv\/wp-content\/uploads\/2021\/07\/f800x450-479728_531174_3651-696x392.jpg 696w, https:\/\/neuquentvcanal10.com.ar\/tv\/wp-content\/uploads\/2021\/07\/f800x450-479728_531174_3651-747x420.jpg 747w\" sizes=\"auto, (max-width: 800px) 100vw, 800px\" \/><figcaption>A trav\u00e9s de sus redes sociales,&nbsp;el gobernador de Neuqu\u00e9n, Omar Guti\u00e9rrez, hoy se inocularon m\u00e1s de mil j\u00f3venes en los distintos puestos de&nbsp;<strong>vacunaci\u00f3n<\/strong>&nbsp;de todo el territorio provincial. Por esto mismo, manifest\u00f3 que comparte la alegr\u00eda con quienes recibieron su primera dosis.<\/figcaption><\/figure>\n\n\n\n<figure class=\"wp-block-gallery columns-1 is-cropped wp-block-gallery-1 is-layout-flex wp-block-gallery-is-layout-flex\"><ul class=\"blocks-gallery-grid\"><li class=\"blocks-gallery-item\"><figure><img loading=\"lazy\" decoding=\"async\" width=\"768\" height=\"511\" src=\"http:\/\/neuquentvcanal10.com.ar\/tv\/wp-content\/uploads\/2021\/07\/f768x1-479730_479857_15.jpg\" alt=\"\" data-id=\"318\" data-full-url=\"http:\/\/neuquentvcanal10.com.ar\/tv\/wp-content\/uploads\/2021\/07\/f768x1-479730_479857_15.jpg\" data-link=\"http:\/\/neuquentvcanal10.com.ar\/tv\/?attachment_id=318\" class=\"wp-image-318\" srcset=\"https:\/\/neuquentvcanal10.com.ar\/tv\/wp-content\/uploads\/2021\/07\/f768x1-479730_479857_15.jpg 768w, https:\/\/neuquentvcanal10.com.ar\/tv\/wp-content\/uploads\/2021\/07\/f768x1-479730_479857_15-300x200.jpg 300w, https:\/\/neuquentvcanal10.com.ar\/tv\/wp-content\/uploads\/2021\/07\/f768x1-479730_479857_15-696x463.jpg 696w, https:\/\/neuquentvcanal10.com.ar\/tv\/wp-content\/uploads\/2021\/07\/f768x1-479730_479857_15-631x420.jpg 631w\" sizes=\"auto, (max-width: 768px) 100vw, 768px\" \/><\/figure><\/li><\/ul><\/figure>\n\n\n\n<p>En ese sentido, Guti\u00e9rrez traslad\u00f3 su agradecimiento a los voluntarios en la campa\u00f1a de&nbsp;<strong>vacunaci\u00f3n<\/strong>, los cuales no tienen feriados, ni lugares en los que no est\u00e9n presentes en la provincia, seg\u00fan afirm\u00f3.<\/p>\n\n\n\n<p>El inicio de la inmunizaci\u00f3n en j\u00f3venes se da luego de que Neuqu\u00e9n haya recibido m\u00e1s de 13 mil dosis contra el coronavirus de la vacuna de Moderna, por parte del Gobierno nacional. Los inmunizantes fueron donados por la administraci\u00f3n de Estados Unidos, por lo que no requirieron la aprobaci\u00f3n de la Administraci\u00f3n Nacional de Medicamentos, Alimentos y Tecnolog\u00eda M\u00e9dica (ANMAT).<\/p>\n\n\n\n<h3 class=\"wp-block-heading\">C\u00f3mo anotarse para inmunizarse<\/h3>\n\n\n\n<p>Desde el Gobierno provincial, anunciaron que solo podr\u00e1n aplicarse la vacuna contra el coronavirus aquellos j\u00f3venes que tienen un turno asignado por el Ministerio de Salud neuquino.<\/p>\n\n\n\n<p>Para esto,&nbsp;es necesario completar el formulario de inscripci\u00f3n que se encuentra disponible en el portal www.saludneuquen.gob.ar y seleccionar la opci\u00f3n \u201cCampa\u00f1a de Vacunaci\u00f3n COVID 19 \u2013 Registro para vacunarse\u201d.<\/p>\n\n\n\n<p>Luego de eso, deber\u00e1 seleccionarse el grupo poblacional por el cual se solicita un turno para la vacuna y esperar que se le asigne una fecha y hora para acudir a alguno de los centros de inmunizaci\u00f3n. Algunos de los puntos de&nbsp;<strong>vacunaci\u00f3n&nbsp;<\/strong>m\u00e1s importantes de la provincia se encuentran en Jun\u00edn de los Andes, Zapala, Villa La Angostura y Ruca Che.<\/p>\n","protected":false},"excerpt":{"rendered":"<p>En ese sentido, Guti\u00e9rrez traslad\u00f3 su agradecimiento a los voluntarios en la campa\u00f1a de&nbsp;vacunaci\u00f3n, los cuales no tienen feriados, ni lugares en los que no est\u00e9n presentes en la provincia, seg\u00fan afirm\u00f3. El inicio de la inmunizaci\u00f3n en j\u00f3venes se da luego de que Neuqu\u00e9n haya recibido m\u00e1s de 13 mil dosis contra el coronavirus [&hellip;]<\/p>\n","protected":false},"author":1,"featured_media":328,"comment_status":"open","ping_status":"open","sticky":true,"template":"","format":"standard","meta":{"om_disable_all_campaigns":false,"_monsterinsights_skip_tracking":false,"_monsterinsights_sitenote_active":false,"_monsterinsights_sitenote_note":"","_monsterinsights_sitenote_category":0,"footnotes":""},"categories":[24],"tags":[30],"class_list":["post-315","post","type-post","status-publish","format-standard","has-post-thumbnail","hentry","category-la-ciudad","tag-uno"],"aioseo_notices":[],"_links":{"self":[{"href":"https:\/\/neuquentvcanal10.com.ar\/tv\/index.php?rest_route=\/wp\/v2\/posts\/315","targetHints":{"allow":["GET"]}}],"collection":[{"href":"https:\/\/neuquentvcanal10.com.ar\/tv\/index.php?rest_route=\/wp\/v2\/posts"}],"about":[{"href":"https:\/\/neuquentvcanal10.com.ar\/tv\/index.php?rest_route=\/wp\/v2\/types\/post"}],"author":[{"embeddable":true,"href":"https:\/\/neuquentvcanal10.com.ar\/tv\/index.php?rest_route=\/wp\/v2\/users\/1"}],"replies":[{"embeddable":true,"href":"https:\/\/neuquentvcanal10.com.ar\/tv\/index.php?rest_route=%2Fwp%2Fv2%2Fcomments&post=315"}],"version-history":[{"count":3,"href":"https:\/\/neuquentvcanal10.com.ar\/tv\/index.php?rest_route=\/wp\/v2\/posts\/315\/revisions"}],"predecessor-version":[{"id":322,"href":"https:\/\/neuquentvcanal10.com.ar\/tv\/index.php?rest_route=\/wp\/v2\/posts\/315\/revisions\/322"}],"wp:featuredmedia":[{"embeddable":true,"href":"https:\/\/neuquentvcanal10.com.ar\/tv\/index.php?rest_route=\/wp\/v2\/media\/328"}],"wp:attachment":[{"href":"https:\/\/neuquentvcanal10.com.ar\/tv\/index.php?rest_route=%2Fwp%2Fv2%2Fmedia&parent=315"}],"wp:term":[{"taxonomy":"category","embeddable":true,"href":"https:\/\/neuquentvcanal10.com.ar\/tv\/index.php?rest_route=%2Fwp%2Fv2%2Fcategories&post=315"},{"taxonomy":"post_tag","embeddable":true,"href":"https:\/\/neuquentvcanal10.com.ar\/tv\/index.php?rest_route=%2Fwp%2Fv2%2Ftags&post=315"}],"curies":[{"name":"wp","href":"https:\/\/api.w.org\/{rel}","templated":true}]}}