{"id":206,"date":"2021-07-31T07:01:27","date_gmt":"2021-07-31T07:01:27","guid":{"rendered":"http:\/\/neuquentvcanal10.com.ar\/tv\/?p=206"},"modified":"2021-07-31T07:01:30","modified_gmt":"2021-07-31T07:01:30","slug":"entrevista-clara-asprilla-programa-latinisima","status":"publish","type":"post","link":"https:\/\/neuquentvcanal10.com.ar\/tv\/?p=206","title":{"rendered":"Entrevista Clara Asprilla programa LATINISIMA"},"content":{"rendered":"\n<figure class=\"wp-block-embed is-type-video is-provider-youtube wp-block-embed-youtube wp-embed-aspect-16-9 wp-has-aspect-ratio\"><div class=\"wp-block-embed__wrapper\">\n<iframe loading=\"lazy\" title=\"Entrevista Clara Asprilla programa LATINISIMA\" width=\"696\" height=\"392\" src=\"https:\/\/www.youtube.com\/embed\/yqxSGQhD1gs?feature=oembed\" frameborder=\"0\" allow=\"accelerometer; autoplay; clipboard-write; encrypted-media; gyroscope; picture-in-picture\" allowfullscreen><\/iframe>\n<\/div><\/figure>\n\n\n\n<p>LATINISIMA desde el canal 10 de Senillosa, Neuqu\u00e9n-Argentina.<\/p>\n\n\n\n<p>Con Adolfo D. Meza Una producci\u00f3n de GRUPO ARGENTINA &#8220;Directo al coraz\u00f3n&#8221;<\/p>\n\n\n\n<p>Contactos: Arabarco 1.412- B. Villa Ceferino- Neuqu\u00e9n (8.300)<\/p>\n","protected":false},"excerpt":{"rendered":"<p>LATINISIMA desde el canal 10 de Senillosa, Neuqu\u00e9n-Argentina. Con Adolfo D. Meza Una producci\u00f3n de GRUPO ARGENTINA &#8220;Directo al coraz\u00f3n&#8221; Contactos: Arabarco 1.412- B. Villa Ceferino- Neuqu\u00e9n (8.300)<\/p>\n","protected":false},"author":1,"featured_media":207,"comment_status":"open","ping_status":"open","sticky":false,"template":"","format":"standard","meta":{"om_disable_all_campaigns":false,"_monsterinsights_skip_tracking":false,"_monsterinsights_sitenote_active":false,"_monsterinsights_sitenote_note":"","_monsterinsights_sitenote_category":0,"footnotes":""},"categories":[28],"tags":[],"class_list":["post-206","post","type-post","status-publish","format-standard","has-post-thumbnail","hentry","category-espectaculos"],"aioseo_notices":[],"_links":{"self":[{"href":"https:\/\/neuquentvcanal10.com.ar\/tv\/index.php?rest_route=\/wp\/v2\/posts\/206","targetHints":{"allow":["GET"]}}],"collection":[{"href":"https:\/\/neuquentvcanal10.com.ar\/tv\/index.php?rest_route=\/wp\/v2\/posts"}],"about":[{"href":"https:\/\/neuquentvcanal10.com.ar\/tv\/index.php?rest_route=\/wp\/v2\/types\/post"}],"author":[{"embeddable":true,"href":"https:\/\/neuquentvcanal10.com.ar\/tv\/index.php?rest_route=\/wp\/v2\/users\/1"}],"replies":[{"embeddable":true,"href":"https:\/\/neuquentvcanal10.com.ar\/tv\/index.php?rest_route=%2Fwp%2Fv2%2Fcomments&post=206"}],"version-history":[{"count":1,"href":"https:\/\/neuquentvcanal10.com.ar\/tv\/index.php?rest_route=\/wp\/v2\/posts\/206\/revisions"}],"predecessor-version":[{"id":208,"href":"https:\/\/neuquentvcanal10.com.ar\/tv\/index.php?rest_route=\/wp\/v2\/posts\/206\/revisions\/208"}],"wp:featuredmedia":[{"embeddable":true,"href":"https:\/\/neuquentvcanal10.com.ar\/tv\/index.php?rest_route=\/wp\/v2\/media\/207"}],"wp:attachment":[{"href":"https:\/\/neuquentvcanal10.com.ar\/tv\/index.php?rest_route=%2Fwp%2Fv2%2Fmedia&parent=206"}],"wp:term":[{"taxonomy":"category","embeddable":true,"href":"https:\/\/neuquentvcanal10.com.ar\/tv\/index.php?rest_route=%2Fwp%2Fv2%2Fcategories&post=206"},{"taxonomy":"post_tag","embeddable":true,"href":"https:\/\/neuquentvcanal10.com.ar\/tv\/index.php?rest_route=%2Fwp%2Fv2%2Ftags&post=206"}],"curies":[{"name":"wp","href":"https:\/\/api.w.org\/{rel}","templated":true}]}}