{"id":202,"date":"2021-07-31T06:57:02","date_gmt":"2021-07-31T06:57:02","guid":{"rendered":"http:\/\/neuquentvcanal10.com.ar\/tv\/?p=202"},"modified":"2021-07-31T06:57:04","modified_gmt":"2021-07-31T06:57:04","slug":"entrevista-danny-ceballos-las-musas-del-vallenato","status":"publish","type":"post","link":"https:\/\/neuquentvcanal10.com.ar\/tv\/?p=202","title":{"rendered":"Entrevista Danny Ceballos &#8220;Las Musas del Vallenato&#8221;"},"content":{"rendered":"\n<figure class=\"wp-block-embed is-type-video is-provider-youtube wp-block-embed-youtube wp-embed-aspect-16-9 wp-has-aspect-ratio\"><div class=\"wp-block-embed__wrapper\">\n<iframe loading=\"lazy\" title=\"Entrevista Danny Ceballos &quot;Las Musas del Vallenato&quot;\" width=\"696\" height=\"392\" src=\"https:\/\/www.youtube.com\/embed\/CibuSySUpmw?feature=oembed\" frameborder=\"0\" allow=\"accelerometer; autoplay; clipboard-write; encrypted-media; gyroscope; picture-in-picture\" allowfullscreen><\/iframe>\n<\/div><\/figure>\n\n\n\n<p>LATINISIMA desde el canal 10 de Senillosa, Neuqu\u00e9n-Argentina.<\/p>\n\n\n\n<p>Con musica local, regional, nacional e internacional.<\/p>\n\n\n\n<p>Conducen Adolfo D. Meza Una producci\u00f3n de GRUPO ARGENTINA &#8220;Directo al coraz\u00f3n&#8221;<\/p>\n","protected":false},"excerpt":{"rendered":"<p>LATINISIMA desde el canal 10 de Senillosa, Neuqu\u00e9n-Argentina. Con musica local, regional, nacional e internacional. Conducen Adolfo D. Meza Una producci\u00f3n de GRUPO ARGENTINA &#8220;Directo al coraz\u00f3n&#8221;<\/p>\n","protected":false},"author":1,"featured_media":203,"comment_status":"open","ping_status":"open","sticky":false,"template":"","format":"standard","meta":{"om_disable_all_campaigns":false,"_monsterinsights_skip_tracking":false,"_monsterinsights_sitenote_active":false,"_monsterinsights_sitenote_note":"","_monsterinsights_sitenote_category":0,"footnotes":""},"categories":[28],"tags":[],"class_list":["post-202","post","type-post","status-publish","format-standard","has-post-thumbnail","hentry","category-espectaculos"],"aioseo_notices":[],"_links":{"self":[{"href":"https:\/\/neuquentvcanal10.com.ar\/tv\/index.php?rest_route=\/wp\/v2\/posts\/202","targetHints":{"allow":["GET"]}}],"collection":[{"href":"https:\/\/neuquentvcanal10.com.ar\/tv\/index.php?rest_route=\/wp\/v2\/posts"}],"about":[{"href":"https:\/\/neuquentvcanal10.com.ar\/tv\/index.php?rest_route=\/wp\/v2\/types\/post"}],"author":[{"embeddable":true,"href":"https:\/\/neuquentvcanal10.com.ar\/tv\/index.php?rest_route=\/wp\/v2\/users\/1"}],"replies":[{"embeddable":true,"href":"https:\/\/neuquentvcanal10.com.ar\/tv\/index.php?rest_route=%2Fwp%2Fv2%2Fcomments&post=202"}],"version-history":[{"count":1,"href":"https:\/\/neuquentvcanal10.com.ar\/tv\/index.php?rest_route=\/wp\/v2\/posts\/202\/revisions"}],"predecessor-version":[{"id":204,"href":"https:\/\/neuquentvcanal10.com.ar\/tv\/index.php?rest_route=\/wp\/v2\/posts\/202\/revisions\/204"}],"wp:featuredmedia":[{"embeddable":true,"href":"https:\/\/neuquentvcanal10.com.ar\/tv\/index.php?rest_route=\/wp\/v2\/media\/203"}],"wp:attachment":[{"href":"https:\/\/neuquentvcanal10.com.ar\/tv\/index.php?rest_route=%2Fwp%2Fv2%2Fmedia&parent=202"}],"wp:term":[{"taxonomy":"category","embeddable":true,"href":"https:\/\/neuquentvcanal10.com.ar\/tv\/index.php?rest_route=%2Fwp%2Fv2%2Fcategories&post=202"},{"taxonomy":"post_tag","embeddable":true,"href":"https:\/\/neuquentvcanal10.com.ar\/tv\/index.php?rest_route=%2Fwp%2Fv2%2Ftags&post=202"}],"curies":[{"name":"wp","href":"https:\/\/api.w.org\/{rel}","templated":true}]}}