{"id":184,"date":"2021-07-31T06:01:14","date_gmt":"2021-07-31T06:01:14","guid":{"rendered":"http:\/\/neuquentvcanal10.com.ar\/tv\/?p=184"},"modified":"2021-07-31T06:01:16","modified_gmt":"2021-07-31T06:01:16","slug":"pronunciamiento-de-la-pastoral-rural-de-neuquen","status":"publish","type":"post","link":"https:\/\/neuquentvcanal10.com.ar\/tv\/?p=184","title":{"rendered":"Pronunciamiento de la pastoral rural de Neuqu\u00e9n"},"content":{"rendered":"\n<h2 class=\"wp-block-heading\">La Iglesia neuquina reclam\u00f3 por la titularizaci\u00f3n de las tierras fiscales para las familias que trabajan all\u00ed, desde hace m\u00e1s de 20 a\u00f1os . \u201cNuevos\u201d propietarios, que ostentan t\u00edtulos, pretenden instalar diversos emprendimientos<\/h2>\n\n\n\n<p>La pastoral rural de Neuqu\u00e9n dio a conocer su posici\u00f3n sobre <strong>la pol\u00edtica de tierras que lleva adelante el gobierno provincial<\/strong> y que aleja a los leg\u00edtimos pobladores a ser reconocidos como due\u00f1os de sus tierras.<\/p>\n\n\n\n<p>Aludieron a las palabras pronunciadas por San Juan Pablo II, en Recife (Brasil), en junio de 1980: \u201cLa Tierra es un don de Dios, don que \u00c9l hizo para todos los seres humanos\u2026 <strong>no es l\u00edcito, por tanto, porque no es conforme con el designio de Dios, usar este don de modo tal que sus beneficios favorezcan s\u00f3lo a unos pocos<\/strong>, dejando a los otros, la inmensa mayor\u00eda, excluidos\u201d.<\/p>\n\n\n\n<p>Los miembros del equipo neuquino, haci\u00e9ndose eco de las organizaciones campesinas de la regi\u00f3n, denunciaron la intimaci\u00f3n realizada a m\u00e1s de 100 familias para el desalojo de las tierras.<\/p>\n\n\n\n<p>El sistema de <strong>trashumancia<\/strong> est\u00e1 relacionado con la actividad ganadera y es una forma productiva que se constituye a partir del ritmo c\u00edclico estacional que se vive en las zonas cordilleranas.&nbsp; Consiste en una <strong>compleja actividad relacionada con el clima, el relieve y la calidad de la tierras, y el arreo de animales y su supervivencia<\/strong>. De all\u00ed derivan otras tareas lucrativas de las que viven los crianceros.<\/p>\n\n\n\n<h3 class=\"wp-block-heading\">La situaci\u00f3n<\/h3>\n\n\n\n<p>En el noroeste de la <a href=\"https:\/\/www.vidanuevadigital.com\/tag\/patagonia\/\">Patagonia<\/a>, estas<strong> familias crianceras desarrollan este quehacer en tierras fiscales desde hace d\u00e9cadas.<\/strong> La mayor\u00eda de estos campesinos no tienen t\u00edtulos de propiedad; tampoco se les facilitan mecanismos para su titularizaci\u00f3n. La burocracia va desgastando este proceso, y \u201clo que es un derecho se termina transformando en un sue\u00f1o irrealizable\u201d.<\/p>\n\n\n\n<p>La situaci\u00f3n de irregularidad se viene denunciando desde hace a\u00f1os porque cerca de 80 familias no pueden acceder a la tierra en la que han trabajado toda la vida. Un relevamiento del a\u00f1o 2017 arroj\u00f3 m\u00e1s de <strong>100 situaciones en conflicto.<\/strong><\/p>\n\n\n\n<p>El informe fue entregado a las autoridades provinciales, pero <strong>no se obtuvieron respuestas o el abordaje de la situaci\u00f3n se ha vuelto lento<\/strong> en proporci\u00f3n a los conflictos.<\/p>\n\n\n\n<h3 class=\"wp-block-heading\">Los reclamos<\/h3>\n\n\n\n<p>La Constituci\u00f3n provincial y la Ley 263 de Tierras Fiscales expresan un principio: <strong>la tierra es para quien la trabaja, es un bien social de trabajo, no para la especulaci\u00f3n o la renta.<\/strong> En este caso particular, cada d\u00eda <strong>van apareciendo \u201cnuevos\u201d propietarios<\/strong> que ostentan t\u00edtulos y pretenden instalarse en estas zonas para, en el futuro, <strong>emprender proyectos tur\u00edsticos<\/strong>.<\/p>\n\n\n\n<p>Frente a esta injusta situaci\u00f3n, los misioneros del equipo de <a href=\"https:\/\/www.vidanuevadigital.com\/tag\/pastoral-rural\/\">pastoral rural <\/a>de la di\u00f3cesis de <a href=\"https:\/\/www.vidanuevadigital.com\/tag\/neuquen\/\">Neuqu\u00e9n<\/a> se preguntaron <strong>si hay voluntad pol\u00edtica de entregar los t\u00edtulos de propiedad a los crianceros, o el Gobierno apunta a desgastar a la gente campesina para que abandone sus campos<\/strong>, \u201cprovocando m\u00e1s de una vez la pelea de pobres contra pobres, y entonces s\u00ed poder avanzar con otros megaproyectos en tierras fiscales (miner\u00eda, agua, por ej.)\u201d.<\/p>\n\n\n\n<p>Finalmente, se unieron al clamor de tantos que esperan respuesta por parte del gobierno provincial y especificaron cada reclamo:<\/p>\n\n\n\n<ul class=\"wp-block-list\"><li><strong>Que no postergue m\u00e1s en el tiempo la concreci\u00f3n de los tr\u00e1mites necesarios para la titularizaci\u00f3n<\/strong> de los lotes fiscales donde viven las familias crianceras del Centro-Norte de la provincia<\/li><li>Que se efectivice la <strong>titularizaci\u00f3n efectiva<\/strong> de los mismos<\/li><li>Que se <strong>priorice a las familias crianceras<\/strong> frente a intereses particulares y empresariales<\/li><li>Instamos a los organismos estatales pertinentes a <strong>agilizar y concretar, a la mayor brevedad posible, un programa real de ejecuci\u00f3n<\/strong> de estas tareas, evitando que se profundicen los conflictos entre vecinos que muchas veces terminan en tragedias<\/li><li>Que se <strong>expliciten p\u00fablicamente estas decisiones a trav\u00e9s de los medios de comunicaci\u00f3n<\/strong> para que la informaci\u00f3n sea conocida por todos y se puedan hacer los seguimientos correspondientes<\/li><li>Que se<strong> considere este derecho de las familias crianceras como esencial<\/strong>, que no seguir en esperando.<\/li><\/ul>\n","protected":false},"excerpt":{"rendered":"<p>La Iglesia neuquina reclam\u00f3 por la titularizaci\u00f3n de las tierras fiscales para las familias que trabajan all\u00ed, desde hace m\u00e1s de 20 a\u00f1os . \u201cNuevos\u201d propietarios, que ostentan t\u00edtulos, pretenden instalar diversos emprendimientos La pastoral rural de Neuqu\u00e9n dio a conocer su posici\u00f3n sobre la pol\u00edtica de tierras que lleva adelante el gobierno provincial y [&hellip;]<\/p>\n","protected":false},"author":1,"featured_media":185,"comment_status":"open","ping_status":"open","sticky":false,"template":"","format":"standard","meta":{"om_disable_all_campaigns":false,"_monsterinsights_skip_tracking":false,"_monsterinsights_sitenote_active":false,"_monsterinsights_sitenote_note":"","_monsterinsights_sitenote_category":0,"footnotes":""},"categories":[23],"tags":[30],"class_list":["post-184","post","type-post","status-publish","format-standard","has-post-thumbnail","hentry","category-sociedad","tag-uno"],"aioseo_notices":[],"_links":{"self":[{"href":"https:\/\/neuquentvcanal10.com.ar\/tv\/index.php?rest_route=\/wp\/v2\/posts\/184","targetHints":{"allow":["GET"]}}],"collection":[{"href":"https:\/\/neuquentvcanal10.com.ar\/tv\/index.php?rest_route=\/wp\/v2\/posts"}],"about":[{"href":"https:\/\/neuquentvcanal10.com.ar\/tv\/index.php?rest_route=\/wp\/v2\/types\/post"}],"author":[{"embeddable":true,"href":"https:\/\/neuquentvcanal10.com.ar\/tv\/index.php?rest_route=\/wp\/v2\/users\/1"}],"replies":[{"embeddable":true,"href":"https:\/\/neuquentvcanal10.com.ar\/tv\/index.php?rest_route=%2Fwp%2Fv2%2Fcomments&post=184"}],"version-history":[{"count":1,"href":"https:\/\/neuquentvcanal10.com.ar\/tv\/index.php?rest_route=\/wp\/v2\/posts\/184\/revisions"}],"predecessor-version":[{"id":186,"href":"https:\/\/neuquentvcanal10.com.ar\/tv\/index.php?rest_route=\/wp\/v2\/posts\/184\/revisions\/186"}],"wp:featuredmedia":[{"embeddable":true,"href":"https:\/\/neuquentvcanal10.com.ar\/tv\/index.php?rest_route=\/wp\/v2\/media\/185"}],"wp:attachment":[{"href":"https:\/\/neuquentvcanal10.com.ar\/tv\/index.php?rest_route=%2Fwp%2Fv2%2Fmedia&parent=184"}],"wp:term":[{"taxonomy":"category","embeddable":true,"href":"https:\/\/neuquentvcanal10.com.ar\/tv\/index.php?rest_route=%2Fwp%2Fv2%2Fcategories&post=184"},{"taxonomy":"post_tag","embeddable":true,"href":"https:\/\/neuquentvcanal10.com.ar\/tv\/index.php?rest_route=%2Fwp%2Fv2%2Ftags&post=184"}],"curies":[{"name":"wp","href":"https:\/\/api.w.org\/{rel}","templated":true}]}}