{"id":168,"date":"2021-07-31T05:41:25","date_gmt":"2021-07-31T05:41:25","guid":{"rendered":"http:\/\/neuquentvcanal10.com.ar\/tv\/?p=168"},"modified":"2021-07-31T05:43:07","modified_gmt":"2021-07-31T05:43:07","slug":"entrevista-ayelen-quiroga-precandidata-dip-nacional-neuquen-cambia","status":"publish","type":"post","link":"https:\/\/neuquentvcanal10.com.ar\/tv\/?p=168","title":{"rendered":"Entrevista :Ayelen Quiroga Precandidata Dip Nacional Neuquen Cambia"},"content":{"rendered":"\n<p><\/p>\n\n\n\n<figure class=\"wp-block-embed is-type-video is-provider-youtube wp-block-embed-youtube wp-embed-aspect-16-9 wp-has-aspect-ratio\"><div class=\"wp-block-embed__wrapper\">\n<iframe loading=\"lazy\" title=\"Entrevista :Ayelen Quiroga Precandidata Dip Nacional Neuquen Cambia\" width=\"696\" height=\"392\" src=\"https:\/\/www.youtube.com\/embed\/By4L7biZPIQ?feature=oembed\" frameborder=\"0\" allow=\"accelerometer; autoplay; clipboard-write; encrypted-media; gyroscope; picture-in-picture\" allowfullscreen><\/iframe>\n<\/div><\/figure>\n\n\n\n<p>Panorama Informativo desde el canal 10 de Senillosa, Neuqu\u00e9n-Argentina.<\/p>\n\n\n\n<p>Con informaci\u00f3n local, regional, nacional e internacional.<\/p>\n\n\n\n<p>Conducen los periodistas Adolfo D. Meza y Mario C. Huarte. Una producci\u00f3n de GRUPO ARGENTINA<\/p>\n","protected":false},"excerpt":{"rendered":"<p>Panorama Informativo desde el canal 10 de Senillosa, Neuqu\u00e9n-Argentina. Con informaci\u00f3n local, regional, nacional e internacional. Conducen los periodistas Adolfo D. Meza y Mario C. Huarte. Una producci\u00f3n de GRUPO ARGENTINA<\/p>\n","protected":false},"author":1,"featured_media":171,"comment_status":"open","ping_status":"open","sticky":false,"template":"","format":"standard","meta":{"om_disable_all_campaigns":false,"_monsterinsights_skip_tracking":false,"_monsterinsights_sitenote_active":false,"_monsterinsights_sitenote_note":"","_monsterinsights_sitenote_category":0,"footnotes":""},"categories":[21],"tags":[31],"class_list":["post-168","post","type-post","status-publish","format-standard","has-post-thumbnail","hentry","category-politica","tag-dos"],"aioseo_notices":[],"_links":{"self":[{"href":"https:\/\/neuquentvcanal10.com.ar\/tv\/index.php?rest_route=\/wp\/v2\/posts\/168","targetHints":{"allow":["GET"]}}],"collection":[{"href":"https:\/\/neuquentvcanal10.com.ar\/tv\/index.php?rest_route=\/wp\/v2\/posts"}],"about":[{"href":"https:\/\/neuquentvcanal10.com.ar\/tv\/index.php?rest_route=\/wp\/v2\/types\/post"}],"author":[{"embeddable":true,"href":"https:\/\/neuquentvcanal10.com.ar\/tv\/index.php?rest_route=\/wp\/v2\/users\/1"}],"replies":[{"embeddable":true,"href":"https:\/\/neuquentvcanal10.com.ar\/tv\/index.php?rest_route=%2Fwp%2Fv2%2Fcomments&post=168"}],"version-history":[{"count":2,"href":"https:\/\/neuquentvcanal10.com.ar\/tv\/index.php?rest_route=\/wp\/v2\/posts\/168\/revisions"}],"predecessor-version":[{"id":172,"href":"https:\/\/neuquentvcanal10.com.ar\/tv\/index.php?rest_route=\/wp\/v2\/posts\/168\/revisions\/172"}],"wp:featuredmedia":[{"embeddable":true,"href":"https:\/\/neuquentvcanal10.com.ar\/tv\/index.php?rest_route=\/wp\/v2\/media\/171"}],"wp:attachment":[{"href":"https:\/\/neuquentvcanal10.com.ar\/tv\/index.php?rest_route=%2Fwp%2Fv2%2Fmedia&parent=168"}],"wp:term":[{"taxonomy":"category","embeddable":true,"href":"https:\/\/neuquentvcanal10.com.ar\/tv\/index.php?rest_route=%2Fwp%2Fv2%2Fcategories&post=168"},{"taxonomy":"post_tag","embeddable":true,"href":"https:\/\/neuquentvcanal10.com.ar\/tv\/index.php?rest_route=%2Fwp%2Fv2%2Ftags&post=168"}],"curies":[{"name":"wp","href":"https:\/\/api.w.org\/{rel}","templated":true}]}}