{"id":161,"date":"2021-07-31T05:26:10","date_gmt":"2021-07-31T05:26:10","guid":{"rendered":"http:\/\/neuquentvcanal10.com.ar\/tv\/?p=161"},"modified":"2021-07-31T05:27:13","modified_gmt":"2021-07-31T05:27:13","slug":"proponen-declarar-personalidad-ilustre-a-mujer-mapuche-en-neuquen","status":"publish","type":"post","link":"https:\/\/neuquentvcanal10.com.ar\/tv\/?p=161","title":{"rendered":"Proponen declarar &#8220;personalidad ilustre&#8221; a mujer mapuche en Neuqu\u00e9n"},"content":{"rendered":"\n<p><strong>Representantes de la Confederaci\u00f3n realizaron la presentaci\u00f3n con la intenci\u00f3n de que sea aprobada a corto plazo.<\/strong><\/p>\n\n\n\n<p>La Confederaci\u00f3n Mapuche Zonal Xawvnko (Confluencia) de Neuqu\u00e9n present\u00f3 hoy en la Legislatura provincial un proyecto para que se declare \u201cPersonalidad Ilustre\u201d post mortem a la Pija\u00f1 Kuse, Luc\u00eda Aburto (Ka\u00f1iwkura) por sus aportes a los conocimientos, cultura e historia como autoridad religiosa, filos\u00f3fica y pol\u00edtica del Pueblo Mapuche.<\/p>\n\n\n\n<figure class=\"wp-block-embed is-type-video is-provider-youtube wp-block-embed-youtube wp-embed-aspect-16-9 wp-has-aspect-ratio\"><div class=\"wp-block-embed__wrapper\">\n<iframe loading=\"lazy\" title=\"Relatos de mujer: &quot;Mujer mapuche&quot;\" width=\"696\" height=\"392\" src=\"https:\/\/www.youtube.com\/embed\/v8u04w4zMWc?feature=oembed\" frameborder=\"0\" allow=\"accelerometer; autoplay; clipboard-write; encrypted-media; gyroscope; picture-in-picture\" allowfullscreen><\/iframe>\n<\/div><\/figure>\n\n\n\n<p><br>Representantes de la Confederaci\u00f3n, acompa\u00f1ados de comunidades Mapuches de la Confluencia y de organizaciones sociales realizaron la presentaci\u00f3n con la intenci\u00f3n de que sea aprobada a corto plazo para que coincida con el 17 de agosto cuando se cumpla el aniversario de su nacimiento.<\/p>\n\n\n\n<p>El proyecto establece en su art\u00edculo primero \u201cdeclarar Personalidad Ilustre post mortem de la Provincia del Neuqu\u00e9n a Luc\u00eda Aburto (Ka\u00f1iwkura) Pija\u00f1 Kuse (autoridad religiosa\/filos\u00f3fica\/pol\u00edtica) del Pueblo Mapuce de Neuqu\u00e9n, por su importante aporte al conocimiento, difusi\u00f3n de la cosmovisi\u00f3n, cultura, historia, pol\u00edtica, mapuzugun (idioma mapuche) del Pueblo Originario de la Provincia del Neuqu\u00e9n\u201d.<\/p>\n\n\n\n<p>Propone que \u201cse generen acciones en pos de difundir su historia y memoria; que a trav\u00e9s de su persona se pueda generar conciencia y materiales educativos, entre otras acciones, en relaci\u00f3n a la Historia, vigencia y proyecci\u00f3n del Pueblo Mapuce\u201d.<\/p>\n\n\n\n<p>Xalkan Nahuel, integrante de la Confederaci\u00f3n Mapuche, dijo a T\u00e9lam que \u201cpara nosotros es importante visibilizarla por su lugar como mujer Mapuche con todo lo que eso represent\u00f3 en alg\u00fan momento en su historia personal\u201d.<\/p>\n\n\n\n<p>\u201cElla se vino sola con sus hijos desde su comunidad Chiuquilihuin a la ciudad buscando un mejor bienestar pero tambi\u00e9n huyendo de una pareja violenta y lo que eso significaba en ese tiempo, d\u00e9cada del 70\u201d, se\u00f1al\u00f3.<\/p>\n\n\n\n<p>La joven dirigente Mapuche cont\u00f3 que \u201cen esa \u00e9poca fue romper con lo establecido; casarse, o juntarse con alguien y tener que estar toda la vida cumpliendo un mandato que no es la felicidad y por eso ella estuvo toda su vida atravesada por distintas formas de violencia y luchando para salir de eso\u201d.<\/p>\n\n\n\n<p>Luc\u00eda Aburto (Ka\u00f1iwkura) naci\u00f3 el 17 de Agosto de 1940, en el Lof Ciwkiliwi\u00f1 (Comunidad Mapuce Chiuquilihuin), pr\u00f3ximo a Jun\u00edn de los Andes. Lleg\u00f3 a la Ciudad de Neuqu\u00e9n en el a\u00f1o 1972, a la edad de 32 a\u00f1os, junto a 4 (cuatro) de sus 5(cinco) hijos\/as (Esteban, Ver\u00f3nica, Gilberto, Marcelo y Claudia Huilipan).<\/p>\n\n\n\n<p>Entre los antecedentes que se destacan en la fundamentaci\u00f3n del proyecto se hace menci\u00f3n a que fue co-fundadora del Lof Newen Mapu de la Ciudad de Neuqu\u00e9n, organizaci\u00f3n que contuvo y proyect\u00f3 a numerosas familias de origen mapuche en plena capital desde el 1 de Mayo del a\u00f1o 1983.<\/p>\n\n\n\n<p>\u201cFue Pija\u00f1 Kuse (autoridad religiosa\/filos\u00f3fica\/pol\u00edtica), importante autoridad de la Confederaci\u00f3n Mapuce de Neuqu\u00e9n (desde la d\u00e9cada del 90 al a\u00f1o 2020), fue una gran mujer que transmiti\u00f3 valores, fortaleza, claridad pol\u00edtica y espiritual al Pueblo Naci\u00f3n Mapuce\u201d.<\/p>\n\n\n\n<p>Tambi\u00e9n indican que \u201cacompa\u00f1\u00f3 procesos de lucha, reivindicaci\u00f3n y resguardo territorial en las comunidades de la provincia de Neuqu\u00e9n; trabaj\u00f3 en el fortalecimiento de Rewe (sitio \u00fanico ceremonial) como el rewe del Lof \u00d1orquinco (Zonal Pewence) y el rewe del Pija\u00f1 Mawiza Lanvn (ubicado en la base del Volc\u00e1n Lanin, Zonal Wijice), entre otros y fue una vecina destacada del Barrio organizado \u201cTiro federal\u201d (hoy Barrio Islas Malvinas de Neuqu\u00e9n)\u201d.<\/p>\n\n\n\n<p>Fuente: Ambito.com<\/p>\n","protected":false},"excerpt":{"rendered":"<p>Representantes de la Confederaci\u00f3n realizaron la presentaci\u00f3n con la intenci\u00f3n de que sea aprobada a corto plazo. La Confederaci\u00f3n Mapuche Zonal Xawvnko (Confluencia) de Neuqu\u00e9n present\u00f3 hoy en la Legislatura provincial un proyecto para que se declare \u201cPersonalidad Ilustre\u201d post mortem a la Pija\u00f1 Kuse, Luc\u00eda Aburto (Ka\u00f1iwkura) por sus aportes a los conocimientos, cultura [&hellip;]<\/p>\n","protected":false},"author":1,"featured_media":162,"comment_status":"open","ping_status":"open","sticky":false,"template":"","format":"standard","meta":{"om_disable_all_campaigns":false,"_monsterinsights_skip_tracking":false,"_monsterinsights_sitenote_active":false,"_monsterinsights_sitenote_note":"","_monsterinsights_sitenote_category":0,"footnotes":""},"categories":[23],"tags":[30],"class_list":["post-161","post","type-post","status-publish","format-standard","has-post-thumbnail","hentry","category-sociedad","tag-uno"],"aioseo_notices":[],"_links":{"self":[{"href":"https:\/\/neuquentvcanal10.com.ar\/tv\/index.php?rest_route=\/wp\/v2\/posts\/161","targetHints":{"allow":["GET"]}}],"collection":[{"href":"https:\/\/neuquentvcanal10.com.ar\/tv\/index.php?rest_route=\/wp\/v2\/posts"}],"about":[{"href":"https:\/\/neuquentvcanal10.com.ar\/tv\/index.php?rest_route=\/wp\/v2\/types\/post"}],"author":[{"embeddable":true,"href":"https:\/\/neuquentvcanal10.com.ar\/tv\/index.php?rest_route=\/wp\/v2\/users\/1"}],"replies":[{"embeddable":true,"href":"https:\/\/neuquentvcanal10.com.ar\/tv\/index.php?rest_route=%2Fwp%2Fv2%2Fcomments&post=161"}],"version-history":[{"count":1,"href":"https:\/\/neuquentvcanal10.com.ar\/tv\/index.php?rest_route=\/wp\/v2\/posts\/161\/revisions"}],"predecessor-version":[{"id":163,"href":"https:\/\/neuquentvcanal10.com.ar\/tv\/index.php?rest_route=\/wp\/v2\/posts\/161\/revisions\/163"}],"wp:featuredmedia":[{"embeddable":true,"href":"https:\/\/neuquentvcanal10.com.ar\/tv\/index.php?rest_route=\/wp\/v2\/media\/162"}],"wp:attachment":[{"href":"https:\/\/neuquentvcanal10.com.ar\/tv\/index.php?rest_route=%2Fwp%2Fv2%2Fmedia&parent=161"}],"wp:term":[{"taxonomy":"category","embeddable":true,"href":"https:\/\/neuquentvcanal10.com.ar\/tv\/index.php?rest_route=%2Fwp%2Fv2%2Fcategories&post=161"},{"taxonomy":"post_tag","embeddable":true,"href":"https:\/\/neuquentvcanal10.com.ar\/tv\/index.php?rest_route=%2Fwp%2Fv2%2Ftags&post=161"}],"curies":[{"name":"wp","href":"https:\/\/api.w.org\/{rel}","templated":true}]}}