{"id":145,"date":"2021-07-31T05:05:54","date_gmt":"2021-07-31T05:05:54","guid":{"rendered":"http:\/\/neuquentvcanal10.com.ar\/tv\/?p=145"},"modified":"2021-07-31T05:12:21","modified_gmt":"2021-07-31T05:12:21","slug":"fernandez-llamo-a-poner-al-progresismo-de-pie-en-latinoamerica","status":"publish","type":"post","link":"https:\/\/neuquentvcanal10.com.ar\/tv\/?p=145","title":{"rendered":"Fern\u00e1ndez llam\u00f3 a poner al progresismo de pie en Latinoam\u00e9rica"},"content":{"rendered":"\n<p>El Presidente consider\u00f3 que la Organizaci\u00f3n de Estados Americanos funcion\u00f3 como &#8220;una suerte de escuadr\u00f3n de gendarmer\u00eda para avanzar sobre los gobiernos populares&#8221; de la regi\u00f3n. Tambi\u00e9n alz\u00f3 la voz en contra de los bloqueos econ\u00f3micos que pesan en <strong>pandemia sobre Cuba y Venezuela.<\/strong><\/p>\n\n\n\n<p>El presidente Alberto Fern\u00e1ndez llam\u00f3 hoy a profundizar la institucionalidad del progresismo en Am\u00e9rica latina y a alzar la voz en contra de los bloqueos econ\u00f3micos en tiempos de coronavirus, a partir del convencimiento de que <strong>el continente est\u00e1 &#8220;signado por la desuni\u00f3n&#8221;<\/strong> <strong>promovida por el expresidente estadounidense Donald Trump y el accionar de la OEA como &#8220;una suerte de escuadr\u00f3n de gendarmer\u00eda&#8221; sobre los gobiernos populares.<\/strong><br><br>Fern\u00e1ndez disert\u00f3 hoy en forma virtual en el encuentro por el <strong>Segundo Aniversario del Grupo de Puebla<\/strong>, bajo el t\u00edtulo &#8220;Democracia, integraci\u00f3n y justicia social en Latinoam\u00e9rica&#8221;, en una jornada que tuvo como oradores a referentes de 16 naciones, como el expresidente del Gobierno de Espa\u00f1a, Jos\u00e9 Luis Rodr\u00edguez Zapatero; al exmandatario de Ecuador, Rafael Correa; y al dirigente pol\u00edtico chileno Marco Antonio Enr\u00edquez-Ominami, entre otros.<br><br>En su disertaci\u00f3n, el Presidente hizo un repaso sobre la <strong>situaci\u00f3n del progresismo en Latinoam\u00e9rica<\/strong> en los a\u00f1os en los que fue perdiendo lugares en los gobiernos de la regi\u00f3n, donde -en paralelo- fue ganando terreno el &#8220;conservadurismo&#8221;, a instancias de la influencia de Trump en el continente.<br><br>&#8220;<strong>Trump impon\u00eda su pol\u00edtica sobre Am\u00e9rica Latina y eso explica muchas cosas que pasaron; eso explica la OEA que tenemos, explica el BID que tenemos<\/strong>, la divisi\u00f3n que tenemos, el nacimiento del <strong>Grupo de Lima, del Foro Prosur<\/strong>; todos mecanismos que serv\u00edan a la pol\u00edtica de Trump y no serv\u00edan a la unidad de Am\u00e9rica latina ni al desarrollo ni al progreso de los latinoamericanos&#8221;, reflexion\u00f3 Fern\u00e1ndez.<br><br>Ante este retroceso, el mandatario argentino convoc\u00f3 a los integrantes del Grupo de Puebla a profundizar e institucionalizar la unidad regional, a trav\u00e9s de instrumentos como la Celac, porque -advirti\u00f3- <strong>&#8220;la OEA tal como est\u00e1 no sirve&#8221;.<\/strong><br><br>&#8220;El primero que tiene que hacer su mea culpa es su secretario general <strong>Luis Almagro<\/strong> por la cantidad de cosas que ha hecho y tambi\u00e9n la institucionalidad de los Estados Unidos por haber propuesto y sostenido a un hombre como Almagro&#8221;, opin\u00f3.<br><br>Consider\u00f3 que &#8220;los a\u00f1os de Trump&#8221; hicieron que la organizaci\u00f3n &#8220;no fuera un lugar de encuentro para Am\u00e9rica latina&#8221;, sino m\u00e1s bien &#8220;una suerte de escuadr\u00f3n de gendarmer\u00eda para avanzar sobre los gobiernos populares&#8221; de la regi\u00f3n.<\/p>\n\n\n\n<figure class=\"wp-block-image\"><img decoding=\"async\" src=\"https:\/\/pbs.twimg.com\/media\/E7kRdalX0AQ6Lu4?format=jpg&amp;name=large\" alt=\"Imagen\"\/><\/figure>\n\n\n\n<p>&#8220;<strong>Lo que la OEA ha hecho en Bolivia necesariamente debe ser investigado y necesariamente debe ser juzgado <\/strong>porque ahora no caben dudas de lo que pas\u00f3&#8221;, remarc\u00f3 Fern\u00e1ndez, quien se refiri\u00f3 as\u00ed a c\u00f3mo &#8220;se impidi\u00f3&#8221; la consagraci\u00f3n como presidente de Evo Morales, primero, y el golpe de Estado cometido despu\u00e9s, en 2019.<br><br>El Grupo de Puebla, entonces, en la mirada del jefe de Estado, &#8220;aporta a un debate muy sustancioso&#8221; en el objetivo de &#8220;encontrar caminos alternativos&#8221; para que Am\u00e9rica latina logre &#8220;salir adelante&#8221; y sacarse el &#8220;triste estigma&#8221; de ser el continente &#8220;m\u00e1s desigual&#8221; del mundo.<br><br>&#8220;<strong>Las pol\u00edticas de los \u00faltimos a\u00f1os profundizaron esa desigualdad <\/strong>y adem\u00e1s vino la pandemia y qued\u00f3 m\u00e1s en evidencia esa desigualdad&#8221;, plante\u00f3 Fern\u00e1ndez, quien reivindic\u00f3 la &#8220;importancia del Estado&#8221; y el valor de darle sustento al car\u00e1cter p\u00fablico de la salud y de la educaci\u00f3n.<br><br><br>La importancia del Estado<br>&#8220;Es imprescindible que la educaci\u00f3n sea p\u00fablica y gratuita para el progreso de nuestras sociedades; en Argentina tuvimos un presidente que distingu\u00eda a quienes ten\u00edan la suerte de estudiar en la educaci\u00f3n privada, de los que ten\u00edan la desgracia de caer en la educaci\u00f3n p\u00fablica&#8221;, reflexion\u00f3 y aludi\u00f3, aunque sin nombrarlo, a Mauricio Macri.<br><br>Marc\u00f3, en esa l\u00ednea, que <strong>&#8220;la pandemia ense\u00f1\u00f3 la trascendencia del Estado&#8221;<\/strong> porque -dijo- &#8220;es el mayor garante de la solidaridad&#8221; y grafic\u00f3: &#8220;Si el Estado no arbitra y pone igualdad donde la igualdad no existe, <strong>ning\u00fan mercado promueve la igualdad<\/strong>&#8220;.<br><br>El Presidente describi\u00f3 el contexto regional para renovar su certeza de que los pa\u00edses deben &#8220;unirse&#8221; para lograr mejores renegociaciones de sus &#8220;deudas&#8221;, un problema que -pronostic\u00f3- impactar\u00e1 a nivel global.<br><br>&#8220;En el mundo de la pospandemia, el FMI decidi\u00f3 disponer 50 mil millones de d\u00f3lares para atender las necesidades de los pa\u00edses m\u00e1s pobres del mundo; a la Argentina de Macri le prest\u00f3 57 mil millones; eso me exime de todo comentario de explicar por qu\u00e9 el Gobierno de Trump respald\u00f3 que el Fondo d\u00e9 ese cr\u00e9dito&#8221;, advirti\u00f3 Fern\u00e1ndez e ironiz\u00f3: &#8220;En nuestro pa\u00eds decimos que <strong>Trump pag\u00f3 la campa\u00f1a electoral m\u00e1s cara del mundo&#8221;.<\/strong><br><br>Sobre los bloqueos a Cuba y Venezuela<br>En otro orden, el Presidente plante\u00f3 que <strong>Am\u00e9rica Latina tiene la &#8220;obligaci\u00f3n moral&#8221; y el &#8220;deber \u00e9tico&#8221; de alzarse frente a los bloqueos econ\u00f3micos que pesan sobre Cuba y Venezuela<\/strong> en tiempos de pandemia de coronavirus y evalu\u00f3 que los Estados, por una cuesti\u00f3n &#8220;humanitaria&#8221;, no pueden &#8220;quedarse callados&#8221; ante esas situaciones.<br><br>&#8220;Los bloqueos deber\u00edan avergonzar a quienes los promueven y en Am\u00e9rica latina hay dos bloqueos que se sostienen en medio de la pandemia que privan a los pueblos, ya no s\u00f3lo de alimentos, ya no s\u00f3lo de insumos para que la industria produzca, sino de insumos m\u00e9dicos, de respiradores y de lo elemental para hacer frente a la pandemia; humanitariamente nosotros no podemos quedarnos callados&#8221;, expres\u00f3.<br><br>Pidi\u00f3 al resto de los miembros del Grupo de Puebla poner en alto las &#8220;ideas, las convicciones&#8221; para llevar estos debates &#8220;a todas las sociedades&#8221; de la regi\u00f3n.<br><br>&#8220;Ser progresista no es tampoco s\u00f3lo distribuir riqueza de un modo m\u00e1s igualitario, eso s\u00ed, pero tambi\u00e9n es garantizar la igualdad de g\u00e9nero, terminar cualquier tipo de discriminaci\u00f3n, es promover la unidad del continente en un tiempo en el que el mundo se regionaliza; todas esas son deudas que tenemos en nuestras sociedades&#8221;, concluy\u00f3 Fern\u00e1ndez.<\/p>\n\n\n\n<p>Fuente: TElam<\/p>\n","protected":false},"excerpt":{"rendered":"<p>El Presidente consider\u00f3 que la Organizaci\u00f3n de Estados Americanos funcion\u00f3 como &#8220;una suerte de escuadr\u00f3n de gendarmer\u00eda para avanzar sobre los gobiernos populares&#8221; de la regi\u00f3n. Tambi\u00e9n alz\u00f3 la voz en contra de los bloqueos econ\u00f3micos que pesan en pandemia sobre Cuba y Venezuela. El presidente Alberto Fern\u00e1ndez llam\u00f3 hoy a profundizar la institucionalidad del [&hellip;]<\/p>\n","protected":false},"author":1,"featured_media":146,"comment_status":"open","ping_status":"open","sticky":false,"template":"","format":"standard","meta":{"om_disable_all_campaigns":false,"_monsterinsights_skip_tracking":false,"_monsterinsights_sitenote_active":false,"_monsterinsights_sitenote_note":"","_monsterinsights_sitenote_category":0,"footnotes":""},"categories":[21],"tags":[30],"class_list":["post-145","post","type-post","status-publish","format-standard","has-post-thumbnail","hentry","category-politica","tag-uno"],"aioseo_notices":[],"_links":{"self":[{"href":"https:\/\/neuquentvcanal10.com.ar\/tv\/index.php?rest_route=\/wp\/v2\/posts\/145","targetHints":{"allow":["GET"]}}],"collection":[{"href":"https:\/\/neuquentvcanal10.com.ar\/tv\/index.php?rest_route=\/wp\/v2\/posts"}],"about":[{"href":"https:\/\/neuquentvcanal10.com.ar\/tv\/index.php?rest_route=\/wp\/v2\/types\/post"}],"author":[{"embeddable":true,"href":"https:\/\/neuquentvcanal10.com.ar\/tv\/index.php?rest_route=\/wp\/v2\/users\/1"}],"replies":[{"embeddable":true,"href":"https:\/\/neuquentvcanal10.com.ar\/tv\/index.php?rest_route=%2Fwp%2Fv2%2Fcomments&post=145"}],"version-history":[{"count":1,"href":"https:\/\/neuquentvcanal10.com.ar\/tv\/index.php?rest_route=\/wp\/v2\/posts\/145\/revisions"}],"predecessor-version":[{"id":147,"href":"https:\/\/neuquentvcanal10.com.ar\/tv\/index.php?rest_route=\/wp\/v2\/posts\/145\/revisions\/147"}],"wp:featuredmedia":[{"embeddable":true,"href":"https:\/\/neuquentvcanal10.com.ar\/tv\/index.php?rest_route=\/wp\/v2\/media\/146"}],"wp:attachment":[{"href":"https:\/\/neuquentvcanal10.com.ar\/tv\/index.php?rest_route=%2Fwp%2Fv2%2Fmedia&parent=145"}],"wp:term":[{"taxonomy":"category","embeddable":true,"href":"https:\/\/neuquentvcanal10.com.ar\/tv\/index.php?rest_route=%2Fwp%2Fv2%2Fcategories&post=145"},{"taxonomy":"post_tag","embeddable":true,"href":"https:\/\/neuquentvcanal10.com.ar\/tv\/index.php?rest_route=%2Fwp%2Fv2%2Ftags&post=145"}],"curies":[{"name":"wp","href":"https:\/\/api.w.org\/{rel}","templated":true}]}}