{"id":136,"date":"2021-07-31T04:54:04","date_gmt":"2021-07-31T04:54:04","guid":{"rendered":"http:\/\/neuquentvcanal10.com.ar\/tv\/?p=136"},"modified":"2021-07-31T05:13:53","modified_gmt":"2021-07-31T05:13:53","slug":"julian-alvarez-se-queda-river-rechazo-la-oferta-de-orlando-city-de-eeuu","status":"publish","type":"post","link":"https:\/\/neuquentvcanal10.com.ar\/tv\/?p=136","title":{"rendered":"Juli\u00e1n \u00c1lvarez se queda: River rechaz\u00f3 la oferta de Orlando City de EEUU"},"content":{"rendered":"\n<p><strong>El Club de N\u00fa\u00f1ez descart\u00f3 el ofrecimiento de siete millones de d\u00f3lares m\u00e1s bonus para llevarse al delantero de 21 a\u00f1os, que integr\u00f3 la Selecci\u00f3n Nacional campeona de la Copa Am\u00e9rica y que tiene una cl\u00e1usula de rescisi\u00f3n de 25 millones de euros.<\/strong><\/p>\n\n\n\n<p><\/p>\n\n\n\n<p>River Plate rechaz\u00f3 en las \u00faltimas horas de este viernes una oferta oficial del Orlando City de la MLS estadounidense para contratar al delantero Juli\u00e1n \u00c1lvarez por <strong>7 millones de d\u00f3lares, y otros 2 millones en bonus especiales<\/strong> por productividad.<br><br>El futbolista, quien se perfila como reemplazante en el equipo titular del cordob\u00e9s Mat\u00edas Su\u00e1rez, lesionado en la victoria por 3-0 ante Lan\u00fas, y que integr\u00f3 el plantel argentino campe\u00f3n en la Copa Am\u00e9rica, tiene una <strong>cl\u00e1usula de salida de 25 millones de d\u00f3lares<\/strong>.<br><br>El representante del jugador, Fernando Hidalgo, confirm\u00f3 que el club norteamericano le envi\u00f3 la oferta a River la noche del jueves y que ante la falta de respuestas, le pidieron que intervenga.<br><br>&#8220;Nosotros no presionamos ni nada de eso, s\u00f3lo nos pidieron que preguntemos en River si les interesaba que el jugador vaya a jugar a la MLS, s\u00f3lo hice de interlocutor, reenviando la oferta porque no soy quien para esconder una oferta&#8221;, dijo Hidalgo a TNT Sports.<br><br>&#8220;Si luego al club le interesa pasaremos a otro punto, como hablar con el jugador a ver si le interesa. Nosotros ya tuvimos ofertas de la MLS y Juli\u00e1n defini\u00f3 su postura de no ir, pero yo tengo que transmitir la oferta, sea que camine o no&#8221;, agreg\u00f3 el empresario.<br><br>Mientras tanto, \u00c1lvarez, de <strong>21 a\u00f1os<\/strong>, se entren\u00f3 esta ma\u00f1ana en el predio de Ezeiza junto con el resto del plantel de cara al partido frente a Hurac\u00e1n, el domingo a las 18 en el Monumental, por la fecha 6 del torneo de la Liga Profesional de F\u00fatbol (LPF).<br><br><br>Rotaci\u00f3n para enfrentar a Hurac\u00e1n<br>Al respecto, el entrenador <strong>Marcelo Gallardo eval\u00faa la rotaci\u00f3n de jugadores<\/strong> tras la confirmaci\u00f3n del cl\u00e1sico ante Boca por la Copa Argentina, el mi\u00e9rcoles pr\u00f3ximo en La Plata, en la semana previa al primer cruce ante Atl\u00e9tico Mineiro por los cuartos de final de la Copa Libertadores.<br><br>La idea del &#8220;Mu\u00f1eco&#8221; Gallardo es cuidar algunos jugadores titulares en los pr\u00f3ximos dos partidos del torneo local, frente a Hurac\u00e1n y Godoy Cruz, antes de los mano a mano programados para el mes de agosto con el Mineiro.<br><br>As\u00ed las cosas, el DT entren\u00f3 al equipo este mediod\u00eda en el predio de Ezeiza de cara al cotejo ante Hurac\u00e1n del domingo a las 18 horas en el Monumental.<br><br>Adem\u00e1s del goleador cordob\u00e9s, trabajaron diferenciados el delantero Agust\u00edn Fontana -tiene un desgarro en el isquiotibial izquierdo- y el defensor paraguayo Robert Rojas, quien arrastra una pubialgia. Ninguno de los tres fue citado para el domingo.<br><br>Antes del entrenamiento, el plantel completo, el cuerpo t\u00e9cnico y los colaboradores se realizaron los testeos r\u00e1pidos de ant\u00edgeno que dieron todos negativos de coronavirus, lo que les permiti\u00f3 entrenarse con normalidad.<br><br>En cuanto a la posible rotaci\u00f3n, hasta el momento los que jugaron los cinco partidos (dos de la Libertadores y tres de la Liga) son Franco Armani, Gonzalo Montiel y Fabricio Angileri en la defensa; Nicol\u00e1s De la Cruz y Jorge Carrascal en la zona media; y Braian Romero en la ofensiva.<br><br>Los seis est\u00e1n entre los convocados por el DT junto con Enrique Bologna, Germ\u00e1n Lux, Javier Pinola, H\u00e9ctor David Mart\u00ednez, Jonatan Maidana, Milton Casco, Alex Vigo, Enzo P\u00e9rez, Bruno Zuculini, Agust\u00edn Palavecino, Enzo Fern\u00e1ndez, Jos\u00e9 Paradela, Benjam\u00edn Rollheiser, Federico Girotti y \u00c1lvarez.<br><br>El plantel de River quedar\u00e1 concentrado ma\u00f1ana por la tarde, luego de los trabajos de pelota parada en el Monumental, donde el entrenador definir\u00e1 el equipo para recibir al &#8220;Globo&#8221;.<br><br>Tras el anuncio del partido de octavos ante Boca en el estadio \u00fanico de La Plata, el mi\u00e9rcoles 4 de agosto, el equipo deber\u00e1 jugar <strong>nueve partidos en el mes de agosto<\/strong> que incluyen adem\u00e1s seis fechas de la Liga y el cruce de cuartos de la Libertadores.<br><br>Las fechas son las siguientes: el domingo ante Hurac\u00e1n; el mi\u00e9rcoles 4 frente a Boca por Copa Argentina; el s\u00e1bado 7 visitar\u00e1 a Godoy Cruz y el mi\u00e9rcoles 11 recibir\u00e1 al Mineiro en la ida de los cuartos de final de la Libertadores.<br><br>Al s\u00e1bado siguiente, 14 de agosto, jugar\u00e1 en N\u00fa\u00f1ez contra V\u00e9lez; el 18 de agosto cerrar\u00e1 la fase con el Mineiro en Brasil; y finalizar\u00e1 el mes con tres partidos del torneo local: el 22 con Gimnasia en La Plata, el 25 con Aldosivi de local y el 29 con Sarmiento en Jun\u00edn.<\/p>\n\n\n\n<p>Fuente: Telam<\/p>\n","protected":false},"excerpt":{"rendered":"<p>El Club de N\u00fa\u00f1ez descart\u00f3 el ofrecimiento de siete millones de d\u00f3lares m\u00e1s bonus para llevarse al delantero de 21 a\u00f1os, que integr\u00f3 la Selecci\u00f3n Nacional campeona de la Copa Am\u00e9rica y que tiene una cl\u00e1usula de rescisi\u00f3n de 25 millones de euros. River Plate rechaz\u00f3 en las \u00faltimas horas de este viernes una oferta [&hellip;]<\/p>\n","protected":false},"author":1,"featured_media":137,"comment_status":"open","ping_status":"open","sticky":false,"template":"","format":"standard","meta":{"om_disable_all_campaigns":false,"_monsterinsights_skip_tracking":false,"_monsterinsights_sitenote_active":false,"_monsterinsights_sitenote_note":"","_monsterinsights_sitenote_category":0,"footnotes":""},"categories":[27],"tags":[31],"class_list":["post-136","post","type-post","status-publish","format-standard","has-post-thumbnail","hentry","category-deportes","tag-dos"],"aioseo_notices":[],"_links":{"self":[{"href":"https:\/\/neuquentvcanal10.com.ar\/tv\/index.php?rest_route=\/wp\/v2\/posts\/136","targetHints":{"allow":["GET"]}}],"collection":[{"href":"https:\/\/neuquentvcanal10.com.ar\/tv\/index.php?rest_route=\/wp\/v2\/posts"}],"about":[{"href":"https:\/\/neuquentvcanal10.com.ar\/tv\/index.php?rest_route=\/wp\/v2\/types\/post"}],"author":[{"embeddable":true,"href":"https:\/\/neuquentvcanal10.com.ar\/tv\/index.php?rest_route=\/wp\/v2\/users\/1"}],"replies":[{"embeddable":true,"href":"https:\/\/neuquentvcanal10.com.ar\/tv\/index.php?rest_route=%2Fwp%2Fv2%2Fcomments&post=136"}],"version-history":[{"count":1,"href":"https:\/\/neuquentvcanal10.com.ar\/tv\/index.php?rest_route=\/wp\/v2\/posts\/136\/revisions"}],"predecessor-version":[{"id":138,"href":"https:\/\/neuquentvcanal10.com.ar\/tv\/index.php?rest_route=\/wp\/v2\/posts\/136\/revisions\/138"}],"wp:featuredmedia":[{"embeddable":true,"href":"https:\/\/neuquentvcanal10.com.ar\/tv\/index.php?rest_route=\/wp\/v2\/media\/137"}],"wp:attachment":[{"href":"https:\/\/neuquentvcanal10.com.ar\/tv\/index.php?rest_route=%2Fwp%2Fv2%2Fmedia&parent=136"}],"wp:term":[{"taxonomy":"category","embeddable":true,"href":"https:\/\/neuquentvcanal10.com.ar\/tv\/index.php?rest_route=%2Fwp%2Fv2%2Fcategories&post=136"},{"taxonomy":"post_tag","embeddable":true,"href":"https:\/\/neuquentvcanal10.com.ar\/tv\/index.php?rest_route=%2Fwp%2Fv2%2Ftags&post=136"}],"curies":[{"name":"wp","href":"https:\/\/api.w.org\/{rel}","templated":true}]}}