{"id":133,"date":"2021-07-31T04:47:56","date_gmt":"2021-07-31T04:47:56","guid":{"rendered":"http:\/\/neuquentvcanal10.com.ar\/tv\/?p=133"},"modified":"2021-07-31T05:14:12","modified_gmt":"2021-07-31T05:14:12","slug":"la-linea-145-recibio-1-346-denuncias-por-trata-durante-2020","status":"publish","type":"post","link":"https:\/\/neuquentvcanal10.com.ar\/tv\/?p=133","title":{"rendered":"La L\u00ednea 145 recibi\u00f3 1.346 denuncias por Trata durante 2020"},"content":{"rendered":"\n<p>Los datos est\u00e1n en un informe anual sobre el funcionamiento de ese servicio que fue publicado en la web del Ministerio P\u00fablico Fiscal en el marco del D\u00eda Internacional contra la Trata de Personas.<\/p>\n\n\n\n<p>La l\u00ednea telef\u00f3nica gratuita 145, que recibe denuncias por casos de trata o delitos conexos, registr\u00f3 durante 2020 un total de 1.346 llamados, seg\u00fan consign\u00f3 la Procuradur\u00eda de Trata y Explotaci\u00f3n de Personas (Protex).<br><br>Los datos est\u00e1n contenidos en un informe anual sobre el funcionamiento de ese servicio que fue publicado este viernes en la <a href=\"https:\/\/www.fiscales.gob.ar\/trata\/la-protex-presenta-su-nuevo-informe-anual-sobre-el-funcionamiento-de-la-linea-145\/\" target=\"_blank\" rel=\"noreferrer noopener\">web del Ministerio P\u00fablico Fiscal<\/a> en el marco del D\u00eda Internacional contra la Trata de Personas.<br><br>El informe se\u00f1ala que en el per\u00edodo comprendido entre el 1 de enero al 31 de diciembre de 2020 fueron recibidas 1.346 denuncias, de las cu\u00e1les 892 fueron remitidas para intervenci\u00f3n de la Protex.<br><br>De las restantes, 215 fueron enviadas en copia a Protex tras haber dado intervenci\u00f3n directa a una fuerza de seguridad debido a su urgencia; otras 186 fueron enviadas al equipo jur\u00eddico del Programa Nacional de Rescate y, en 45 denuncias intervino una fuerza de seguridad en conjunto con dicho equipo jur\u00eddico.<\/p>\n\n\n\n<p>Entre las 892 denuncias que fueron remitidas a la Protex, 733 fueron enviadas a las autoridades judiciales o administrativas competentes, 46 han motivado la formaci\u00f3n de Investigaciones Preliminares en esta Procuradur\u00eda, 11 fueron acumuladas a Investigaciones Preliminares que ya se encontraban en tr\u00e1mite, 9 fueron acumuladas a colaboraciones que se tramitan en conjunto con distintas fiscal\u00edas, 1 formulario dio inicio a una Actuaci\u00f3n de Control y Seguimiento, mientras que 92 fueron archivados o desestimados.<br><br>El informe de la Protex enfatiza que \u201cel n\u00famero total de denuncias registradas -1346- es significativamente menor a las registradas en el a\u00f1o 2019, que fue 1796. Creemos que esto se debe al impacto de la pandemia en la posibilidad de la sociedad civil de denunciar eventos vinculados con la trata de personas\u201d.<br><br>\u201cEsto no implica que los hechos criminales correspondientes a este fen\u00f3meno criminal hayan disminuido, sino que, por el contrario, existe la posibilidad de que el contexto de pandemia haya dificultado su visibilizaci\u00f3n\u201d, remarca el informe.<br><\/p>\n\n\n\n<blockquote class=\"wp-block-quote is-layout-flow wp-block-quote-is-layout-flow\"><p>El informe de la Protex enfatiza que \u201cel n\u00famero total de denuncias registradas -1346- es significativamente menor a las registradas en el a\u00f1o 2019, que fue 1796<\/p><\/blockquote>\n\n\n\n<p>En lo que hace al g\u00e9nero de las v\u00edctimas en las denuncias del a\u00f1o 2020, la Protex identific\u00f3 que 366 de las v\u00edctimas mencionadas en los formularios son mujeres cis (lo que constituye el 70.8%), 145 son varones cis (un 28% del total) y 6 son personas transg\u00e9nero (1.2%).<br><br>Desde Protex puntualizaron que \u201cel reducido n\u00famero registrado de v\u00edctimas trans no se debe a que aquellas est\u00e9n menos vulneradxs, sino a que siguen afectando diferentes prejuicios a la hora de considerar la vulneraci\u00f3n de aquellas y sus derechos\u201d.<br><br>En cuanto a las personas denunciadas como autores de maniobras constitutivas del delito de trata, de explotaci\u00f3n o de delitos conexos, la Protex inform\u00f3 que son en su mayor\u00eda varones cis, un total de 421 que representan el 62.6 por ciento del total; mientras que las personas restantes son mujeres cis, contando 245 (36.5%) y personas trans (0.9%).<br><br>\u201cDe este modo, no solo debemos destacar que nos enfrentamos a una manifestaci\u00f3n espec\u00edfica de violencia contra mujeres y disidencias por parte de varones, sino que son ellos quienes perciben y gozan los beneficios obtenidos como consecuencia directa de esas violencias, que son sobre todo econ\u00f3micos\u201d a\u00f1ade el informe.<\/p>\n\n\n\n<p>Fuente: Telam<\/p>\n","protected":false},"excerpt":{"rendered":"<p>Los datos est\u00e1n en un informe anual sobre el funcionamiento de ese servicio que fue publicado en la web del Ministerio P\u00fablico Fiscal en el marco del D\u00eda Internacional contra la Trata de Personas. La l\u00ednea telef\u00f3nica gratuita 145, que recibe denuncias por casos de trata o delitos conexos, registr\u00f3 durante 2020 un total de [&hellip;]<\/p>\n","protected":false},"author":1,"featured_media":134,"comment_status":"open","ping_status":"open","sticky":false,"template":"","format":"standard","meta":{"om_disable_all_campaigns":false,"_monsterinsights_skip_tracking":false,"_monsterinsights_sitenote_active":false,"_monsterinsights_sitenote_note":"","_monsterinsights_sitenote_category":0,"footnotes":""},"categories":[23],"tags":[31],"class_list":["post-133","post","type-post","status-publish","format-standard","has-post-thumbnail","hentry","category-sociedad","tag-dos"],"aioseo_notices":[],"_links":{"self":[{"href":"https:\/\/neuquentvcanal10.com.ar\/tv\/index.php?rest_route=\/wp\/v2\/posts\/133","targetHints":{"allow":["GET"]}}],"collection":[{"href":"https:\/\/neuquentvcanal10.com.ar\/tv\/index.php?rest_route=\/wp\/v2\/posts"}],"about":[{"href":"https:\/\/neuquentvcanal10.com.ar\/tv\/index.php?rest_route=\/wp\/v2\/types\/post"}],"author":[{"embeddable":true,"href":"https:\/\/neuquentvcanal10.com.ar\/tv\/index.php?rest_route=\/wp\/v2\/users\/1"}],"replies":[{"embeddable":true,"href":"https:\/\/neuquentvcanal10.com.ar\/tv\/index.php?rest_route=%2Fwp%2Fv2%2Fcomments&post=133"}],"version-history":[{"count":1,"href":"https:\/\/neuquentvcanal10.com.ar\/tv\/index.php?rest_route=\/wp\/v2\/posts\/133\/revisions"}],"predecessor-version":[{"id":135,"href":"https:\/\/neuquentvcanal10.com.ar\/tv\/index.php?rest_route=\/wp\/v2\/posts\/133\/revisions\/135"}],"wp:featuredmedia":[{"embeddable":true,"href":"https:\/\/neuquentvcanal10.com.ar\/tv\/index.php?rest_route=\/wp\/v2\/media\/134"}],"wp:attachment":[{"href":"https:\/\/neuquentvcanal10.com.ar\/tv\/index.php?rest_route=%2Fwp%2Fv2%2Fmedia&parent=133"}],"wp:term":[{"taxonomy":"category","embeddable":true,"href":"https:\/\/neuquentvcanal10.com.ar\/tv\/index.php?rest_route=%2Fwp%2Fv2%2Fcategories&post=133"},{"taxonomy":"post_tag","embeddable":true,"href":"https:\/\/neuquentvcanal10.com.ar\/tv\/index.php?rest_route=%2Fwp%2Fv2%2Ftags&post=133"}],"curies":[{"name":"wp","href":"https:\/\/api.w.org\/{rel}","templated":true}]}}