{"id":129,"date":"2021-07-31T04:43:22","date_gmt":"2021-07-31T04:43:22","guid":{"rendered":"http:\/\/neuquentvcanal10.com.ar\/tv\/?p=129"},"modified":"2021-07-31T05:14:03","modified_gmt":"2021-07-31T05:14:03","slug":"imputaron-por-lesiones-gravisimas-al-policia-que-le-disparo-a-chano","status":"publish","type":"post","link":"https:\/\/neuquentvcanal10.com.ar\/tv\/?p=129","title":{"rendered":"Imputaron por &#8220;lesiones grav\u00edsimas&#8221; al polic\u00eda que le dispar\u00f3 a &#8220;Chano&#8221;"},"content":{"rendered":"\n<p><strong>Facundo Nahuel Amendolara recibi\u00f3 la notificaci\u00f3n formal por parte del fiscal Mart\u00edn Zocca, que investiga el incidente en el que el m\u00fasico fue baleado en medio de un presunto brote psic\u00f3tico.<\/strong><\/p>\n\n\n\n<p><strong>El polic\u00eda Facundo Nahuel Amendolara<\/strong>, investigado por haberle disparado en el abdomen a Santiago &#8220;Chano&#8221; Moreno Charpentier cuando intent\u00f3 atacarlo con una cuchilla en medio de un presunto brote psic\u00f3tico, <strong>fue imputado del delito de &#8220;lesiones grav\u00edsimas agravadas por el uso de arma de fuego y por ser funcionario policial&#8221;, que tiene una pena entre 3 y 15 a\u00f1os de prisi\u00f3n<\/strong>, informaron este viernes fuentes judiciales.<br><br><strong>El fiscal Mart\u00edn Zocca<\/strong>, a cargo de la Unidad Funcional de Instrucci\u00f3n (UFI) 1 de Delitos Complejos de Z\u00e1rate-Campana, <strong>notific\u00f3 este viernes formalmente al polic\u00eda Amendolara<\/strong> (27) y a su defensa de <strong>la imputaci\u00f3n por ese delito contemplado en el art\u00edculo 92 del C\u00f3digo Penal<\/strong> (CP), confirmaron voceros judiciales.<br><br>Ese art\u00edculo eleva a entre 3 y 15 a\u00f1os de prisi\u00f3n las penas contempladas en el 91 que califica como grav\u00edsima a la lesi\u00f3n si la misma produjere la p\u00e9rdida o el da\u00f1o de un \u00f3rgano -como en el caso de &#8220;Chano&#8221;-, y todo ello en funci\u00f3n del inciso noveno del art\u00edculo 80, que es el agravante contemplado para cuando el autor abusa &#8220;de su funci\u00f3n o cargo, cuando fuere miembro integrante de las fuerzas de seguridad, policiales o del servicio penitenciario&#8221;.<br><br>El propio<strong>Fernando Soto, abogado de la Fundaci\u00f3n Chocobar, que representa a Amendolara, confirm\u00f3 la imputaci\u00f3n<\/strong> en una publicaci\u00f3n en su perfil de la red social Twitter.<br><br><br><br><strong>Soto confirm\u00f3 a T\u00e9lam que su defendido &#8220;quiere declarar&#8221;<\/strong>aunque no est\u00e1 en condiciones porque a\u00fan no tomaron contacto con el expediente.<br><br>&#8220;\u00c9l quiere declarar. Si el fiscal no lo llama a indagatoria, vamos a presentar una declaraci\u00f3n espont\u00e1nea. <strong>Su relato es similar al de los testigos&#8221;<\/strong>, se\u00f1al\u00f3 el letrado.<br><\/p>\n\n\n\n<p>&#8220;Si el fiscal no lo llama a indagatoria, vamos a presentar una declaraci\u00f3n espont\u00e1nea. Su relato es similar al de los testigos&#8221;Fernando Soto<br>&#8220;La \u00fanica persona que qued\u00f3 de frente y observ\u00f3 la situaci\u00f3n fue la oficial (Vanesa) Flores, ya que la madre del m\u00fasico, el padrastro y la psiquiatra estaban de espalda corriendo para salvar su integridad ante la amenaza\u201d, asegur\u00f3.<br><br>El abogado expres\u00f3 que <strong>Flores &#8220;vio c\u00f3mo qued\u00f3 acorralado Amenadolara cuando empez\u00f3 a correrlo \u00b4Chano\u00b4, que estaba fuera de s\u00ed&#8221;<\/strong>.<br><br>En la puerta de la fiscal\u00eda de Campana, a la que acudi\u00f3 esta ma\u00f1ana para tomar contacto con el expediente, Soto cuestion\u00f3 la imputaci\u00f3n realizada por el fiscal y asegur\u00f3 que su defendido \u201cno quiso lastimar a \u00b4Chano\u00b4\u201d.<br><br>\u201cMe extra\u00f1a porque claramente no hay el menor elemento que pueda sostener que \u00e9l haya salido a lastimar a \u2018Chano\u2019, sin embargo la acusaci\u00f3n es \u00e9sa\u201d, dijo ante la prensa.<br><br>Soto a\u00f1adi\u00f3 que Amendolara \u201cno es alguien que fue a lesionar a otro, deber\u00eda estar bajo la lente de un exceso en la leg\u00edtima defensa en relaci\u00f3n a lesiones grav\u00edsimas\u201d.<br><br><img decoding=\"async\" src=\"https:\/\/www.telam.com.ar\/advf\/imagenes\/2021\/07\/6103f9c35265e_1004x565.jpg\" alt=\"Amendolara recibi\u00f3 el apoyo del expolic\u00eda Luis Chocobar.\">Amendolara recibi\u00f3 el apoyo del expolic\u00eda Luis Chocobar.<br>\u201cClaramente no hab\u00eda una actitud dolosa en su comportamiento\u201d, asegur\u00f3 luego en di\u00e1logo con T\u00e9lam, ocasi\u00f3n en la que agreg\u00f3 que su defendido &#8220;quiere declarar&#8221;, por lo que si el fiscal no lo llama a indagatoria van a presentar una &#8220;declaraci\u00f3n espont\u00e1nea\u201d.<br><br>\u201cSu relato es similar al de los testigos&#8221;, se\u00f1al\u00f3 el letrado, quien fue a la sede judicial junto a su colega Mart\u00edn Sarubbi y el propio Amendolara.<br><br>Soto insisti\u00f3 que el polic\u00eda &#8220;le dispar\u00f3 (a &#8216;Chano&#8217;) <strong>como \u00faltimo recurso para evitar que lo mate<\/strong>&#8220;.<br><br>&#8220;La \u00fanica persona que qued\u00f3 de frente y observ\u00f3 la situaci\u00f3n fue la oficial (Vanesa) Flores, ya que la madre del m\u00fasico, el padrastro y la psiquiatra estaban de espalda corriendo para salvar su integridad ante la amenaza\u201d, asegur\u00f3.<br><br>El abogado expres\u00f3 que Flores &#8220;vio c\u00f3mo qued\u00f3 acorralado Amendolara cuando empez\u00f3 a correrlo \u00b4Chano\u00b4, que estaba fuera de s\u00ed&#8221;.<br><br><img decoding=\"async\" src=\"https:\/\/www.telam.com.ar\/advf\/imagenes\/2021\/07\/610166bb7c140_1004x565.jpg\" alt=\"Por el disparo, al m\u00fasico debieron extirparle el bazo, un ri\u00f1\u00f3n y parte del p\u00e1ncreas.\">Por el disparo, al m\u00fasico debieron extirparle el bazo, un ri\u00f1\u00f3n y parte del p\u00e1ncreas.<br>Soto resalt\u00f3 que la conducta del m\u00fasico &#8220;no es reprochable&#8221;, pero que Amendolara le dispar\u00f3 &#8220;como \u00faltimo recurso para evitar que lo maten&#8221;.<br><br>El letrado indic\u00f3 que era la primera vez que su defendido iba a la casa del artista y que su labor en el lugar era &#8220;de apoyo&#8221; a sus compa\u00f1eros ante la situaci\u00f3n.<br><br><strong>&#8220;&#8216;Chano&#8217; fue a atacar al jefe pero, cuando se dio cuenta que Amendolara estaba m\u00e1s cerca, fue hacia \u00e9l\u201d<\/strong>, relat\u00f3 Soto.<br><br>Por \u00faltimo, afirm\u00f3 que &#8220;hay muchas medidas para pedir&#8221; pero que primero quer\u00edan tomar contacto con la causa.<br><br>\u201cHoy vamos a designar un perito de parte para las pericias a las vestimentas y bal\u00edsticas. Nos da cierta preocupaci\u00f3n que no se haya realizado el protocolo de preservaci\u00f3n de prueba y de la mejor buena fe se pueden haber perdido rastros\u201d, indic\u00f3 Soto.<br><br>La declaraci\u00f3n del psiquiatra<br>Durante esta jornada, el fiscal tambi\u00e9n tom\u00f3 declaraci\u00f3n testimonial al psiquiatra que la noche del hecho fue a la casa de &#8220;Chano&#8221;, <strong>Gonzalo Caligiuri, quien relat\u00f3 con mayor detalle el episodio que presenci\u00f3.<\/strong><br><br>Seg\u00fan fuentes judiciales, el testigo dijo que fue &#8220;un momento traum\u00e1tico&#8221;, en el que el m\u00fasico se encontraba \u201calterado y en un estado de excitaci\u00f3n psicomotriz&#8221; y b\u00e1sicamente relat\u00f3 lo mismo que hab\u00eda narrado ante la polic\u00eda tras el hecho.<br><br>En esa oportunidad, el profesional de OSDE cont\u00f3 que lleg\u00f3 a las 22.30 del domingo y que la madre de &#8220;Chano&#8221; le explic\u00f3 que su hijo desvariaba y que aparentemente \u201chab\u00eda consumido estupefacientes\u201d.<br><br>Luego agreg\u00f3 que el m\u00fasico se dirigi\u00f3 hacia \u00e9l \u201ccon una actitud demasiado agresiva\u201d, pero logr\u00f3 esquivarlo y salir de la propiedad.<br><br>Explic\u00f3 que dados los hechos que presenci\u00f3, fue a buscar a personal de seguridad privada que a la vez llam\u00f3 a la polic\u00eda, y que emiti\u00f3 la orden para la internaci\u00f3n del m\u00fasico, aunque fracas\u00f3 el intento para que &#8220;Chano&#8221; acepte la derivaci\u00f3n.<br><br>Relat\u00f3 que vio c\u00f3mo &#8220;Chano&#8221; amenaz\u00f3 de muerte a su madre y a los presentes y que todos lograron salir del predio menos uno de los tres polic\u00edas que hab\u00edan arribado, aunque &#8220;no estuvo \u201cal alcance de su vista\u201d el momento del disparo.<br><br>La salud del m\u00fasico<br>El exl\u00edder de Tan Bi\u00f3nica continuaba internado en el sanatorio Otamendi del barrio porte\u00f1o de Recoleta, su madre, <strong>Marina Charpentier, confirm\u00f3 este viernes a T\u00e9lam que a su hijo \u201cle bajaron la sedaci\u00f3n y est\u00e1 sin respirador\u201d<\/strong>, y aclar\u00f3 que \u201ca\u00fan no saben si lo pasar\u00e1n a sala com\u00fan\u201d porque se espera su evoluci\u00f3n.<br><br>El episodio sucedi\u00f3 pasadas las 23 del domingo pasado, en la casa de &#8216;Chano&#8217; (39), cuando, a pedido de su madre, lleg\u00f3 un equipo m\u00e9dico con intenciones de internar al m\u00fasico, quien estaba bajo un cuadro de exaltaci\u00f3n.<br><br>Ante esta situaci\u00f3n, de acuerdo con los testigos, el exl\u00edder de la banda Tan Bi\u00f3nica se violent\u00f3, atac\u00f3 a su madre y presuntamente quiso apu\u00f1alar con un cuchillo largo y aserrado, como los utilizados para cortar pan, a uno de los tres polic\u00edas que arrib\u00f3 al lugar, quien le efectu\u00f3 un disparo en el abdomen a ra\u00edz del cual debieron extirparle el bazo, un ri\u00f1\u00f3n y parte del p\u00e1ncreas.<\/p>\n","protected":false},"excerpt":{"rendered":"<p>Facundo Nahuel Amendolara recibi\u00f3 la notificaci\u00f3n formal por parte del fiscal Mart\u00edn Zocca, que investiga el incidente en el que el m\u00fasico fue baleado en medio de un presunto brote psic\u00f3tico. El polic\u00eda Facundo Nahuel Amendolara, investigado por haberle disparado en el abdomen a Santiago &#8220;Chano&#8221; Moreno Charpentier cuando intent\u00f3 atacarlo con una cuchilla en [&hellip;]<\/p>\n","protected":false},"author":1,"featured_media":130,"comment_status":"open","ping_status":"open","sticky":false,"template":"","format":"standard","meta":{"om_disable_all_campaigns":false,"_monsterinsights_skip_tracking":false,"_monsterinsights_sitenote_active":false,"_monsterinsights_sitenote_note":"","_monsterinsights_sitenote_category":0,"footnotes":""},"categories":[1,23],"tags":[30],"class_list":["post-129","post","type-post","status-publish","format-standard","has-post-thumbnail","hentry","category-sin-categoria","category-sociedad","tag-uno"],"aioseo_notices":[],"_links":{"self":[{"href":"https:\/\/neuquentvcanal10.com.ar\/tv\/index.php?rest_route=\/wp\/v2\/posts\/129","targetHints":{"allow":["GET"]}}],"collection":[{"href":"https:\/\/neuquentvcanal10.com.ar\/tv\/index.php?rest_route=\/wp\/v2\/posts"}],"about":[{"href":"https:\/\/neuquentvcanal10.com.ar\/tv\/index.php?rest_route=\/wp\/v2\/types\/post"}],"author":[{"embeddable":true,"href":"https:\/\/neuquentvcanal10.com.ar\/tv\/index.php?rest_route=\/wp\/v2\/users\/1"}],"replies":[{"embeddable":true,"href":"https:\/\/neuquentvcanal10.com.ar\/tv\/index.php?rest_route=%2Fwp%2Fv2%2Fcomments&post=129"}],"version-history":[{"count":2,"href":"https:\/\/neuquentvcanal10.com.ar\/tv\/index.php?rest_route=\/wp\/v2\/posts\/129\/revisions"}],"predecessor-version":[{"id":132,"href":"https:\/\/neuquentvcanal10.com.ar\/tv\/index.php?rest_route=\/wp\/v2\/posts\/129\/revisions\/132"}],"wp:featuredmedia":[{"embeddable":true,"href":"https:\/\/neuquentvcanal10.com.ar\/tv\/index.php?rest_route=\/wp\/v2\/media\/130"}],"wp:attachment":[{"href":"https:\/\/neuquentvcanal10.com.ar\/tv\/index.php?rest_route=%2Fwp%2Fv2%2Fmedia&parent=129"}],"wp:term":[{"taxonomy":"category","embeddable":true,"href":"https:\/\/neuquentvcanal10.com.ar\/tv\/index.php?rest_route=%2Fwp%2Fv2%2Fcategories&post=129"},{"taxonomy":"post_tag","embeddable":true,"href":"https:\/\/neuquentvcanal10.com.ar\/tv\/index.php?rest_route=%2Fwp%2Fv2%2Ftags&post=129"}],"curies":[{"name":"wp","href":"https:\/\/api.w.org\/{rel}","templated":true}]}}